{"id":625,"date":"2025-11-26T14:05:22","date_gmt":"2025-11-26T17:05:22","guid":{"rendered":"https:\/\/vgeducacional.com\/blog\/?p=625"},"modified":"2025-11-26T14:05:22","modified_gmt":"2025-11-26T17:05:22","slug":"mec-autoriza-ies-ofertar-cursos-tecnicos-oportunidades-e-como-a-vg-apoia","status":"publish","type":"post","link":"https:\/\/vgeducacional.com\/blog\/2025\/11\/26\/mec-autoriza-ies-ofertar-cursos-tecnicos-oportunidades-e-como-a-vg-apoia\/","title":{"rendered":"MEC autoriza IES a ofertarem cursos t\u00e9cnicos de n\u00edvel m\u00e9dio: entenda o que muda e como a VG Educacional pode apoiar sua institui\u00e7\u00e3o"},"content":{"rendered":"\n<p>No dia <strong>30 de outubro de 2025<\/strong>, o Minist\u00e9rio da Educa\u00e7\u00e3o (MEC) publicou a <strong>Portaria n\u00ba 46\/2025<\/strong>, autorizando Institui\u00e7\u00f5es Privadas de Ensino Superior (IES) a ofertarem <strong>cursos t\u00e9cnicos de n\u00edvel m\u00e9dio<\/strong> conforme os crit\u00e9rios do <strong>Edital Setec n\u00ba 6\/2025<\/strong>.<br>Essa mudan\u00e7a amplia o alcance das IES, permitindo atua\u00e7\u00e3o tamb\u00e9m no segmento t\u00e9cnico presencial \u2014 uma \u00e1rea que cresce rapidamente devido \u00e0 busca por forma\u00e7\u00e3o pr\u00e1tica, \u00e1gil e focada no mercado de trabalho.Mas essa expans\u00e3o exige prepara\u00e7\u00e3o: materiais adequados, organiza\u00e7\u00e3o pedag\u00f3gica e experi\u00eancia educacional atualizada.<br>E \u00e9 nesse cen\u00e1rio que a <strong>VG Educacional<\/strong> se torna um parceiro decisivo, apoiando institui\u00e7\u00f5es com conte\u00fados modernos, consultoria pedag\u00f3gica e estrutura\u00e7\u00e3o da jornada acad\u00eamica.<\/p>\n\n\n\n<!--more-->\n\n\n\n<h2 class=\"wp-block-heading\"><strong>O que diz a Portaria n\u00ba 46\/2025<\/strong><\/h2>\n\n\n\n<p>A Portaria autoriza IES privadas a ofertarem cursos t\u00e9cnicos presenciais desde que:<\/p>\n\n\n\n<ul>\n<li>a institui\u00e7\u00e3o possua <strong>curso de gradua\u00e7\u00e3o relacionado<\/strong> \u00e0 \u00e1rea t\u00e9cnica pretendida;<br><\/li>\n\n\n\n<li>a oferta seja <strong>exclusivamente presencial<\/strong>;<br><\/li>\n\n\n\n<li>os cursos sigam as diretrizes do Edital Setec n\u00ba 6\/2025;<br><\/li>\n\n\n\n<li>o credenciamento tenha <strong>validade de 5 anos<\/strong>, condicionado \u00e0 forma\u00e7\u00e3o da primeira turma;<br><\/li>\n\n\n\n<li>todos os documentos obrigat\u00f3rios sejam publicados no portal da institui\u00e7\u00e3o.<br><\/li>\n<\/ul>\n\n\n\n<p>A iniciativa integra o <strong>Programa Juros por Educa\u00e7\u00e3o<\/strong>, dentro do <strong>PROPAG<\/strong>, e busca ampliar forma\u00e7\u00f5es de curta dura\u00e7\u00e3o com foco em empregabilidade.<\/p>\n\n\n\n<hr class=\"wp-block-separator has-alpha-channel-opacity\"\/>\n\n\n\n<h2 class=\"wp-block-heading\"><strong>Por que essa autoriza\u00e7\u00e3o \u00e9 estrat\u00e9gica para as IES<\/strong><\/h2>\n\n\n\n<h3 class=\"wp-block-heading\"><strong>1. Expans\u00e3o imediata do portf\u00f3lio institucional<\/strong><\/h3>\n\n\n\n<p>As IES passam a atuar em um segmento de alta demanda, com alunos que buscam forma\u00e7\u00f5es pr\u00e1ticas e r\u00e1pidas.<\/p>\n\n\n\n<h3 class=\"wp-block-heading\"><strong>2. Maior competitividade regional<\/strong><\/h3>\n\n\n\n<p>Cursos t\u00e9cnicos presenciais fortalecem a opera\u00e7\u00e3o local e diversificam receitas.<\/p>\n\n\n\n<h3 class=\"wp-block-heading\"><strong>3. Forma\u00e7\u00e3o de novos funis de capta\u00e7\u00e3o<\/strong><\/h3>\n\n\n\n<p>O aluno de curso t\u00e9cnico muitas vezes evolui para uma gradua\u00e7\u00e3o na mesma institui\u00e7\u00e3o.<\/p>\n\n\n\n<h3 class=\"wp-block-heading\"><strong>4. Atua\u00e7\u00e3o alinhada \u00e0s demandas do mercado<\/strong><\/h3>\n\n\n\n<p>A forma\u00e7\u00e3o t\u00e9cnica \u00e9 hoje uma das mais procuradas por empresas e setores produtivos.<\/p>\n\n\n\n<hr class=\"wp-block-separator has-alpha-channel-opacity\"\/>\n\n\n\n<h2 class=\"wp-block-heading\"><strong>Os desafios das IES na implementa\u00e7\u00e3o dos cursos t\u00e9cnicos<\/strong><\/h2>\n\n\n\n<ul>\n<li>necessidades pedag\u00f3gicas espec\u00edficas;<br><\/li>\n\n\n\n<li>trilhas pr\u00e1ticas e orientadas a compet\u00eancias;<br><\/li>\n\n\n\n<li>conte\u00fados aplic\u00e1veis ao mercado;<br><\/li>\n\n\n\n<li>organiza\u00e7\u00e3o acad\u00eamica e metodol\u00f3gica;<br><\/li>\n\n\n\n<li>cria\u00e7\u00e3o de experi\u00eancia educacional adequada ao ensino t\u00e9cnico;<br><\/li>\n\n\n\n<li>articula\u00e7\u00e3o entre atividades pr\u00e1ticas e te\u00f3ricas;<br><\/li>\n\n\n\n<li>uso de ferramentas digitais para complementar a jornada presencial.<br><\/li>\n<\/ul>\n\n\n\n<p>\u00c9 por isso que muitas institui\u00e7\u00f5es buscam apoio especializado para acelerar a implementa\u00e7\u00e3o com seguran\u00e7a e qualidade.<\/p>\n\n\n\n<hr class=\"wp-block-separator has-alpha-channel-opacity\"\/>\n\n\n\n<h2 class=\"wp-block-heading\"><strong>Como a VG Educacional apoia sua IES na implanta\u00e7\u00e3o de cursos t\u00e9cnicos<\/strong><\/h2>\n\n\n\n<p>A <strong>VG Educacional<\/strong> \u00e9 uma f\u00e1brica de conte\u00fado que produz materiais modernos, multim\u00eddia e totalmente personalizados para a realidade de cada IES.<br>Tamb\u00e9m oferecemos <strong>consultoria pedag\u00f3gica<\/strong> e <strong>suporte para uso e implementa\u00e7\u00e3o de LMS\/AVA<\/strong>, criando uma experi\u00eancia completa para institui\u00e7\u00f5es que desejam iniciar seus cursos t\u00e9cnicos.<\/p>\n\n\n\n<hr class=\"wp-block-separator has-alpha-channel-opacity\"\/>\n\n\n\n<h1 class=\"wp-block-heading\"><strong>1. Produ\u00e7\u00e3o personalizada de conte\u00fado t\u00e9cnico-presencial<\/strong><\/h1>\n\n\n\n<p><em>(totalmente atualizado conforme suas instru\u00e7\u00f5es)<\/em><\/p>\n\n\n\n<p>A VG desenvolve conte\u00fados modernos e prontos para uso, em diversos formatos:<\/p>\n\n\n\n<ul>\n<li><strong>Materiais em HTML e PDF com infogr\u00e1ficos e ilustra\u00e7\u00f5es<\/strong><strong><br><\/strong><\/li>\n\n\n\n<li><strong>V\u00eddeos, webs\u00e9ries e podcasts educativos<\/strong><strong><br><\/strong><\/li>\n\n\n\n<li><strong>Simula\u00e7\u00f5es interativas<\/strong>, incluindo:<br>\n<ul>\n<li>tour virtual,<br><\/li>\n\n\n\n<li>realidade virtual (VR),<br><\/li>\n\n\n\n<li>realidade aumentada (AR).<br><\/li>\n<\/ul>\n<\/li>\n<\/ul>\n\n\n\n<p>Esses recursos permitem que a IES ofere\u00e7a aulas pr\u00e1ticas mais din\u00e2micas, visualmente atrativas e alinhadas \u00e0s exig\u00eancias dos cursos t\u00e9cnicos presenciais.<\/p>\n\n\n\n<hr class=\"wp-block-separator has-alpha-channel-opacity\"\/>\n\n\n\n<h1 class=\"wp-block-heading\"><strong>2. Consultoria pedag\u00f3gica especializada<\/strong><\/h1>\n\n\n\n<p>Ajudamos sua institui\u00e7\u00e3o a:<\/p>\n\n\n\n<ul>\n<li>estruturar trilhas de aprendizagem;<br><\/li>\n\n\n\n<li>organizar metodologias adequadas ao ensino t\u00e9cnico;<br><\/li>\n\n\n\n<li>planejar fluxos pedag\u00f3gicos;<br><\/li>\n\n\n\n<li>construir uma jornada acad\u00eamica coerente para a primeira turma;<br><\/li>\n\n\n\n<li>alinhar conte\u00fados \u00e0s compet\u00eancias profissionais requeridas.<br><\/li>\n<\/ul>\n\n\n\n<p>Nosso foco \u00e9 dar suporte para que a IES tenha clareza e seguran\u00e7a na opera\u00e7\u00e3o do curso t\u00e9cnico.<\/p>\n\n\n\n<hr class=\"wp-block-separator has-alpha-channel-opacity\"\/>\n\n\n\n<h2 class=\"wp-block-heading\"><strong>Por que escolher a VG Educacional<\/strong><\/h2>\n\n\n\n<ul>\n<li>Conte\u00fado t\u00e9cnico <strong>personalizado<\/strong>, moderno e multim\u00eddia<br><\/li>\n\n\n\n<li><strong>Consultoria pedag\u00f3gica estrat\u00e9gica<\/strong> para organizar a oferta<br><\/li>\n\n\n\n<li>Entrega r\u00e1pida e alinhada \u00e0s necessidades do curso t\u00e9cnico<br><\/li>\n\n\n\n<li>Equipe especializada em projetos educacionais e ensino profissional<br><\/li>\n<\/ul>\n\n\n\n<hr class=\"wp-block-separator has-alpha-channel-opacity\"\/>\n\n\n\n<h2 class=\"wp-block-heading\"><strong>Conclus\u00e3o<\/strong><\/h2>\n\n\n\n<p>A Portaria n\u00ba 46\/2025 abre uma grande oportunidade para as IES ampliarem sua atua\u00e7\u00e3o no ensino t\u00e9cnico presencial, com forte demanda e foco direto no mercado de trabalho.<br>E para competir nesse novo cen\u00e1rio, \u00e9 essencial ter conte\u00fados modernos, experi\u00eancia acad\u00eamica estruturada e suporte pedag\u00f3gico especializado.<\/p>\n\n\n\n<p>A <strong>VG Educacional<\/strong> \u00e9 o parceiro ideal para transformar essa autoriza\u00e7\u00e3o em cursos t\u00e9cnicos de alta qualidade, modernos e alinhados \u00e0s compet\u00eancias profissionais exigidas hoje.<\/p>\n","protected":false},"excerpt":{"rendered":"<p>No dia 30 de outubro de 2025, o Minist\u00e9rio da Educa\u00e7\u00e3o (MEC) publicou a Portaria n\u00ba 46\/2025, autorizando Institui\u00e7\u00f5es Privadas de Ensino Superior (IES) a ofertarem cursos t\u00e9cnicos de n\u00edvel m\u00e9dio conforme os crit\u00e9rios do Edital Setec n\u00ba 6\/2025.Essa mudan\u00e7a amplia o alcance das IES, permitindo atua\u00e7\u00e3o tamb\u00e9m no segmento t\u00e9cnico presencial \u2014 uma \u00e1rea &hellip; <\/p>\n<p class=\"link-more\"><a href=\"https:\/\/vgeducacional.com\/blog\/2025\/11\/26\/mec-autoriza-ies-ofertar-cursos-tecnicos-oportunidades-e-como-a-vg-apoia\/\" class=\"more-link\">Continue lendo<span class=\"screen-reader-text\"> &#8220;MEC autoriza IES a ofertarem cursos t\u00e9cnicos de n\u00edvel m\u00e9dio: entenda o que muda e como a VG Educacional pode apoiar sua institui\u00e7\u00e3o&#8221;<\/span><\/a><\/p>\n","protected":false},"author":5,"featured_media":626,"comment_status":"open","ping_status":"open","sticky":false,"template":"","format":"standard","meta":[],"categories":[1],"tags":[],"yoast_head":"<!-- This site is optimized with the Yoast SEO plugin v20.3 - https:\/\/yoast.com\/wordpress\/plugins\/seo\/ -->\n<title>MEC autoriza IES a ofertarem cursos t\u00e9cnicos de n\u00edvel m\u00e9dio: entenda o que muda e como a VG Educacional pode apoiar sua institui\u00e7\u00e3o -<\/title>\n<meta name=\"description\" content=\"O MEC autorizou IES privadas a ofertarem cursos t\u00e9cnicos presenciais pela Portaria n\u00ba 46\/2025. Saiba o que muda, as oportunidades para sua institui\u00e7\u00e3o e como a VG Educacional apoia com conte\u00fados modernos, consultoria pedag\u00f3gica e suporte em LMS\/AVA.\" \/>\n<meta name=\"robots\" content=\"index, follow, max-snippet:-1, max-image-preview:large, max-video-preview:-1\" \/>\n<link rel=\"canonical\" href=\"https:\/\/vgeducacional.com\/blog\/2025\/11\/26\/mec-autoriza-ies-ofertar-cursos-tecnicos-oportunidades-e-como-a-vg-apoia\/\" \/>\n<meta property=\"og:locale\" content=\"pt_BR\" \/>\n<meta property=\"og:type\" content=\"article\" \/>\n<meta property=\"og:title\" content=\"MEC autoriza IES a ofertarem cursos t\u00e9cnicos de n\u00edvel m\u00e9dio: entenda o que muda e como a VG Educacional pode apoiar sua institui\u00e7\u00e3o -\" \/>\n<meta property=\"og:description\" content=\"O MEC autorizou IES privadas a ofertarem cursos t\u00e9cnicos presenciais pela Portaria n\u00ba 46\/2025. Saiba o que muda, as oportunidades para sua institui\u00e7\u00e3o e como a VG Educacional apoia com conte\u00fados modernos, consultoria pedag\u00f3gica e suporte em LMS\/AVA.\" \/>\n<meta property=\"og:url\" content=\"https:\/\/vgeducacional.com\/blog\/2025\/11\/26\/mec-autoriza-ies-ofertar-cursos-tecnicos-oportunidades-e-como-a-vg-apoia\/\" \/>\n<meta property=\"article:published_time\" content=\"2025-11-26T17:05:22+00:00\" \/>\n<meta property=\"og:image\" content=\"https:\/\/vgeducacional.com\/blog\/wp-content\/uploads\/2025\/11\/Banner-3-1024x576.png\" \/>\n\t<meta property=\"og:image:width\" content=\"1024\" \/>\n\t<meta property=\"og:image:height\" content=\"576\" \/>\n\t<meta property=\"og:image:type\" content=\"image\/png\" \/>\n<meta name=\"author\" content=\"Yaz Alshayeb\" \/>\n<meta name=\"twitter:card\" content=\"summary_large_image\" \/>\n<meta name=\"twitter:label1\" content=\"Escrito por\" \/>\n\t<meta name=\"twitter:data1\" content=\"Yaz Alshayeb\" \/>\n\t<meta name=\"twitter:label2\" content=\"Est. tempo de leitura\" \/>\n\t<meta name=\"twitter:data2\" content=\"4 minutos\" \/>\n<script type=\"application\/ld+json\" class=\"yoast-schema-graph\">{\"@context\":\"https:\/\/schema.org\",\"@graph\":[{\"@type\":\"WebPage\",\"@id\":\"https:\/\/vgeducacional.com\/blog\/2025\/11\/26\/mec-autoriza-ies-ofertar-cursos-tecnicos-oportunidades-e-como-a-vg-apoia\/\",\"url\":\"https:\/\/vgeducacional.com\/blog\/2025\/11\/26\/mec-autoriza-ies-ofertar-cursos-tecnicos-oportunidades-e-como-a-vg-apoia\/\",\"name\":\"MEC autoriza IES a ofertarem cursos t\u00e9cnicos de n\u00edvel m\u00e9dio: entenda o que muda e como a VG Educacional pode apoiar sua institui\u00e7\u00e3o -\",\"isPartOf\":{\"@id\":\"http:\/\/vgeducacional.com\/blog\/#website\"},\"datePublished\":\"2025-11-26T17:05:22+00:00\",\"dateModified\":\"2025-11-26T17:05:22+00:00\",\"author\":{\"@id\":\"http:\/\/vgeducacional.com\/blog\/#\/schema\/person\/759763c81b1c4748af52999a777d8458\"},\"description\":\"O MEC autorizou IES privadas a ofertarem cursos t\u00e9cnicos presenciais pela Portaria n\u00ba 46\/2025. Saiba o que muda, as oportunidades para sua institui\u00e7\u00e3o e como a VG Educacional apoia com conte\u00fados modernos, consultoria pedag\u00f3gica e suporte em LMS\/AVA.\",\"breadcrumb\":{\"@id\":\"https:\/\/vgeducacional.com\/blog\/2025\/11\/26\/mec-autoriza-ies-ofertar-cursos-tecnicos-oportunidades-e-como-a-vg-apoia\/#breadcrumb\"},\"inLanguage\":\"pt-BR\",\"potentialAction\":[{\"@type\":\"ReadAction\",\"target\":[\"https:\/\/vgeducacional.com\/blog\/2025\/11\/26\/mec-autoriza-ies-ofertar-cursos-tecnicos-oportunidades-e-como-a-vg-apoia\/\"]}]},{\"@type\":\"BreadcrumbList\",\"@id\":\"https:\/\/vgeducacional.com\/blog\/2025\/11\/26\/mec-autoriza-ies-ofertar-cursos-tecnicos-oportunidades-e-como-a-vg-apoia\/#breadcrumb\",\"itemListElement\":[{\"@type\":\"ListItem\",\"position\":1,\"name\":\"In\u00edcio\",\"item\":\"http:\/\/vgeducacional.com\/blog\/\"},{\"@type\":\"ListItem\",\"position\":2,\"name\":\"MEC autoriza IES a ofertarem cursos t\u00e9cnicos de n\u00edvel m\u00e9dio: entenda o que muda e como a VG Educacional pode apoiar sua institui\u00e7\u00e3o\"}]},{\"@type\":\"WebSite\",\"@id\":\"http:\/\/vgeducacional.com\/blog\/#website\",\"url\":\"http:\/\/vgeducacional.com\/blog\/\",\"name\":\"\",\"description\":\"VG Educacional\",\"potentialAction\":[{\"@type\":\"SearchAction\",\"target\":{\"@type\":\"EntryPoint\",\"urlTemplate\":\"http:\/\/vgeducacional.com\/blog\/?s={search_term_string}\"},\"query-input\":\"required name=search_term_string\"}],\"inLanguage\":\"pt-BR\"},{\"@type\":\"Person\",\"@id\":\"http:\/\/vgeducacional.com\/blog\/#\/schema\/person\/759763c81b1c4748af52999a777d8458\",\"name\":\"Yaz Alshayeb\",\"image\":{\"@type\":\"ImageObject\",\"inLanguage\":\"pt-BR\",\"@id\":\"http:\/\/vgeducacional.com\/blog\/#\/schema\/person\/image\/\",\"url\":\"https:\/\/secure.gravatar.com\/avatar\/9da9513fa0bb8438882b877ded467cab?s=96&d=mm&r=g\",\"contentUrl\":\"https:\/\/secure.gravatar.com\/avatar\/9da9513fa0bb8438882b877ded467cab?s=96&d=mm&r=g\",\"caption\":\"Yaz Alshayeb\"},\"url\":\"https:\/\/vgeducacional.com\/blog\/author\/yazan\/\"}]}<\/script>\n<!-- \/ Yoast SEO plugin. -->","yoast_head_json":{"title":"MEC autoriza IES a ofertarem cursos t\u00e9cnicos de n\u00edvel m\u00e9dio: entenda o que muda e como a VG Educacional pode apoiar sua institui\u00e7\u00e3o -","description":"O MEC autorizou IES privadas a ofertarem cursos t\u00e9cnicos presenciais pela Portaria n\u00ba 46\/2025. Saiba o que muda, as oportunidades para sua institui\u00e7\u00e3o e como a VG Educacional apoia com conte\u00fados modernos, consultoria pedag\u00f3gica e suporte em LMS\/AVA.","robots":{"index":"index","follow":"follow","max-snippet":"max-snippet:-1","max-image-preview":"max-image-preview:large","max-video-preview":"max-video-preview:-1"},"canonical":"https:\/\/vgeducacional.com\/blog\/2025\/11\/26\/mec-autoriza-ies-ofertar-cursos-tecnicos-oportunidades-e-como-a-vg-apoia\/","og_locale":"pt_BR","og_type":"article","og_title":"MEC autoriza IES a ofertarem cursos t\u00e9cnicos de n\u00edvel m\u00e9dio: entenda o que muda e como a VG Educacional pode apoiar sua institui\u00e7\u00e3o -","og_description":"O MEC autorizou IES privadas a ofertarem cursos t\u00e9cnicos presenciais pela Portaria n\u00ba 46\/2025. Saiba o que muda, as oportunidades para sua institui\u00e7\u00e3o e como a VG Educacional apoia com conte\u00fados modernos, consultoria pedag\u00f3gica e suporte em LMS\/AVA.","og_url":"https:\/\/vgeducacional.com\/blog\/2025\/11\/26\/mec-autoriza-ies-ofertar-cursos-tecnicos-oportunidades-e-como-a-vg-apoia\/","article_published_time":"2025-11-26T17:05:22+00:00","og_image":[{"width":1024,"height":576,"url":"https:\/\/vgeducacional.com\/blog\/wp-content\/uploads\/2025\/11\/Banner-3-1024x576.png","type":"image\/png"}],"author":"Yaz Alshayeb","twitter_card":"summary_large_image","twitter_misc":{"Escrito por":"Yaz Alshayeb","Est. tempo de leitura":"4 minutos"},"schema":{"@context":"https:\/\/schema.org","@graph":[{"@type":"WebPage","@id":"https:\/\/vgeducacional.com\/blog\/2025\/11\/26\/mec-autoriza-ies-ofertar-cursos-tecnicos-oportunidades-e-como-a-vg-apoia\/","url":"https:\/\/vgeducacional.com\/blog\/2025\/11\/26\/mec-autoriza-ies-ofertar-cursos-tecnicos-oportunidades-e-como-a-vg-apoia\/","name":"MEC autoriza IES a ofertarem cursos t\u00e9cnicos de n\u00edvel m\u00e9dio: entenda o que muda e como a VG Educacional pode apoiar sua institui\u00e7\u00e3o -","isPartOf":{"@id":"http:\/\/vgeducacional.com\/blog\/#website"},"datePublished":"2025-11-26T17:05:22+00:00","dateModified":"2025-11-26T17:05:22+00:00","author":{"@id":"http:\/\/vgeducacional.com\/blog\/#\/schema\/person\/759763c81b1c4748af52999a777d8458"},"description":"O MEC autorizou IES privadas a ofertarem cursos t\u00e9cnicos presenciais pela Portaria n\u00ba 46\/2025. Saiba o que muda, as oportunidades para sua institui\u00e7\u00e3o e como a VG Educacional apoia com conte\u00fados modernos, consultoria pedag\u00f3gica e suporte em LMS\/AVA.","breadcrumb":{"@id":"https:\/\/vgeducacional.com\/blog\/2025\/11\/26\/mec-autoriza-ies-ofertar-cursos-tecnicos-oportunidades-e-como-a-vg-apoia\/#breadcrumb"},"inLanguage":"pt-BR","potentialAction":[{"@type":"ReadAction","target":["https:\/\/vgeducacional.com\/blog\/2025\/11\/26\/mec-autoriza-ies-ofertar-cursos-tecnicos-oportunidades-e-como-a-vg-apoia\/"]}]},{"@type":"BreadcrumbList","@id":"https:\/\/vgeducacional.com\/blog\/2025\/11\/26\/mec-autoriza-ies-ofertar-cursos-tecnicos-oportunidades-e-como-a-vg-apoia\/#breadcrumb","itemListElement":[{"@type":"ListItem","position":1,"name":"In\u00edcio","item":"http:\/\/vgeducacional.com\/blog\/"},{"@type":"ListItem","position":2,"name":"MEC autoriza IES a ofertarem cursos t\u00e9cnicos de n\u00edvel m\u00e9dio: entenda o que muda e como a VG Educacional pode apoiar sua institui\u00e7\u00e3o"}]},{"@type":"WebSite","@id":"http:\/\/vgeducacional.com\/blog\/#website","url":"http:\/\/vgeducacional.com\/blog\/","name":"","description":"VG Educacional","potentialAction":[{"@type":"SearchAction","target":{"@type":"EntryPoint","urlTemplate":"http:\/\/vgeducacional.com\/blog\/?s={search_term_string}"},"query-input":"required name=search_term_string"}],"inLanguage":"pt-BR"},{"@type":"Person","@id":"http:\/\/vgeducacional.com\/blog\/#\/schema\/person\/759763c81b1c4748af52999a777d8458","name":"Yaz Alshayeb","image":{"@type":"ImageObject","inLanguage":"pt-BR","@id":"http:\/\/vgeducacional.com\/blog\/#\/schema\/person\/image\/","url":"https:\/\/secure.gravatar.com\/avatar\/9da9513fa0bb8438882b877ded467cab?s=96&d=mm&r=g","contentUrl":"https:\/\/secure.gravatar.com\/avatar\/9da9513fa0bb8438882b877ded467cab?s=96&d=mm&r=g","caption":"Yaz Alshayeb"},"url":"https:\/\/vgeducacional.com\/blog\/author\/yazan\/"}]}},"_links":{"self":[{"href":"https:\/\/vgeducacional.com\/blog\/wp-json\/wp\/v2\/posts\/625"}],"collection":[{"href":"https:\/\/vgeducacional.com\/blog\/wp-json\/wp\/v2\/posts"}],"about":[{"href":"https:\/\/vgeducacional.com\/blog\/wp-json\/wp\/v2\/types\/post"}],"author":[{"embeddable":true,"href":"https:\/\/vgeducacional.com\/blog\/wp-json\/wp\/v2\/users\/5"}],"replies":[{"embeddable":true,"href":"https:\/\/vgeducacional.com\/blog\/wp-json\/wp\/v2\/comments?post=625"}],"version-history":[{"count":1,"href":"https:\/\/vgeducacional.com\/blog\/wp-json\/wp\/v2\/posts\/625\/revisions"}],"predecessor-version":[{"id":627,"href":"https:\/\/vgeducacional.com\/blog\/wp-json\/wp\/v2\/posts\/625\/revisions\/627"}],"wp:featuredmedia":[{"embeddable":true,"href":"https:\/\/vgeducacional.com\/blog\/wp-json\/wp\/v2\/media\/626"}],"wp:attachment":[{"href":"https:\/\/vgeducacional.com\/blog\/wp-json\/wp\/v2\/media?parent=625"}],"wp:term":[{"taxonomy":"category","embeddable":true,"href":"https:\/\/vgeducacional.com\/blog\/wp-json\/wp\/v2\/categories?post=625"},{"taxonomy":"post_tag","embeddable":true,"href":"https:\/\/vgeducacional.com\/blog\/wp-json\/wp\/v2\/tags?post=625"}],"curies":[{"name":"wp","href":"https:\/\/api.w.org\/{rel}","templated":true}]}}