{"id":622,"date":"2025-11-21T11:44:55","date_gmt":"2025-11-21T14:44:55","guid":{"rendered":"https:\/\/vgeducacional.com\/blog\/?p=622"},"modified":"2025-11-21T11:44:56","modified_gmt":"2025-11-21T14:44:56","slug":"educacao-corporativa-para-rh-como-implementar-programa-de-capacitacao","status":"publish","type":"post","link":"https:\/\/vgeducacional.com\/blog\/2025\/11\/21\/educacao-corporativa-para-rh-como-implementar-programa-de-capacitacao\/","title":{"rendered":"Guia de Educa\u00e7\u00e3o Corporativa para RH: como desenvolver equipes de forma pr\u00e1tica e eficiente"},"content":{"rendered":"\n<p>A \u00e1rea de Recursos Humanos \u00e9, sem d\u00favida, o cora\u00e7\u00e3o da educa\u00e7\u00e3o corporativa dentro da empresa. \u00c9 no RH que surgem as necessidades, os diagn\u00f3sticos e as estrat\u00e9gias que fazem o desenvolvimento de pessoas acontecer.<\/p>\n\n\n\n<p>Mas, mesmo entendendo a import\u00e2ncia, muitos gestores de RH ainda enfrentam desafios como:<\/p>\n\n\n\n<ul>\n<li>Falta de tempo para estruturar trilhas e treinamentos<br><\/li>\n\n\n\n<li>Dificuldade em engajar colaboradores<br><\/li>\n\n\n\n<li>Escassez de conte\u00fados atualizados<br><\/li>\n\n\n\n<li>Falta de tecnologia ou ambiente apropriado para organizar os cursos<br><\/li>\n\n\n\n<li>Press\u00e3o das lideran\u00e7as por resultados r\u00e1pidos<br><\/li>\n<\/ul>\n\n\n\n<p>\u00c9 exatamente nesse ponto que um programa de <strong>educa\u00e7\u00e3o corporativa bem estruturado<\/strong> faz toda a diferen\u00e7a \u2014 e onde a <strong>VG Educacional<\/strong> se torna parceira estrat\u00e9gica.<\/p>\n\n\n\n<!--more-->\n\n\n\n<hr class=\"wp-block-separator has-alpha-channel-opacity\"\/>\n\n\n\n<h2 class=\"wp-block-heading\"><strong>Por que o RH \u00e9 o protagonista da educa\u00e7\u00e3o corporativa?<\/strong><\/h2>\n\n\n\n<p>O RH \u00e9 a \u00e1rea com a vis\u00e3o mais ampla sobre pessoas, comportamentos e necessidades de desenvolvimento. \u00c9 quem identifica habilidades cr\u00edticas, gaps de performance, compet\u00eancias que precisam ser aprimoradas e oportunidades de crescimento dentro da empresa.<\/p>\n\n\n\n<p>Quando o RH lidera o processo de capacita\u00e7\u00e3o, toda a organiza\u00e7\u00e3o se beneficia com:<\/p>\n\n\n\n<ul>\n<li>Redu\u00e7\u00e3o de turnover<br><\/li>\n\n\n\n<li>Melhora no clima organizacional<br><\/li>\n\n\n\n<li>Aumento de produtividade e efici\u00eancia<br><\/li>\n\n\n\n<li>Lideran\u00e7as mais preparadas<br><\/li>\n\n\n\n<li>Colaboradores alinhados \u00e0 cultura da empresa<br><\/li>\n\n\n\n<li>Times com soft skills fortalecidas<br><\/li>\n\n\n\n<li>Alinhamento estrat\u00e9gico entre \u00e1reas<br><\/li>\n<\/ul>\n\n\n\n<hr class=\"wp-block-separator has-alpha-channel-opacity\"\/>\n\n\n\n<h2 class=\"wp-block-heading\"><strong>Quais tipos de treinamentos o RH pode (e deve) oferecer?<\/strong><\/h2>\n\n\n\n<p>A \u00e1rea de RH precisa oferecer forma\u00e7\u00f5es que fortale\u00e7am tanto <strong>habilidades comportamentais<\/strong> quanto <strong>compet\u00eancias t\u00e9cnicas<\/strong>, mantendo colaboradores e lideran\u00e7as alinhados \u00e0s exig\u00eancias do neg\u00f3cio.<\/p>\n\n\n\n<p>Aqui est\u00e3o os treinamentos mais procurados \u2014 todos dispon\u00edveis no cat\u00e1logo da <strong>VG Educacional<\/strong>:<\/p>\n\n\n\n<h3 class=\"wp-block-heading\"><strong>\u27a1 Soft Skills (os mais necess\u00e1rios em qualquer empresa)<\/strong><\/h3>\n\n\n\n<ul>\n<li>Comunica\u00e7\u00e3o assertiva<br><\/li>\n\n\n\n<li>Intelig\u00eancia emocional<br><\/li>\n\n\n\n<li>Trabalho em equipe<br><\/li>\n\n\n\n<li>Lideran\u00e7a e gest\u00e3o de pessoas<br><\/li>\n\n\n\n<li>Resolu\u00e7\u00e3o de conflitos<br><\/li>\n\n\n\n<li>Pensamento cr\u00edtico<br><\/li>\n\n\n\n<li>Gest\u00e3o do tempo e produtividade<br><\/li>\n<\/ul>\n\n\n\n<h3 class=\"wp-block-heading\"><strong>\u27a1 Conformidade e cultura interna<\/strong><\/h3>\n\n\n\n<ul>\n<li>C\u00f3digo de conduta<br><\/li>\n\n\n\n<li>Pol\u00edticas internas<br><\/li>\n\n\n\n<li>\u00c9tica e compliance<br><\/li>\n\n\n\n<li>Inclus\u00e3o e diversidade<br><\/li>\n<\/ul>\n\n\n\n<h3 class=\"wp-block-heading\"><strong>\u27a1 Forma\u00e7\u00e3o de l\u00edderes<\/strong><\/h3>\n\n\n\n<ul>\n<li>Lideran\u00e7a na pr\u00e1tica<br><\/li>\n\n\n\n<li>Gest\u00e3o de equipes<br><\/li>\n\n\n\n<li>Feedback eficaz<br><\/li>\n\n\n\n<li>Tomada de decis\u00e3o<br><\/li>\n<\/ul>\n\n\n\n<h3 class=\"wp-block-heading\"><strong>\u27a1 Onboarding e integra\u00e7\u00e3o<\/strong><\/h3>\n\n\n\n<ul>\n<li>Boas-vindas<br><\/li>\n\n\n\n<li>Cultura organizacional<br><\/li>\n\n\n\n<li>Processos internos<br><\/li>\n\n\n\n<li>Normas e procedimentos<br><\/li>\n<\/ul>\n\n\n\n<p>Esses conte\u00fados podem ser usados imediatamente e adaptados para qualquer empresa, independentemente do porte ou segmento.<\/p>\n\n\n\n<hr class=\"wp-block-separator has-alpha-channel-opacity\"\/>\n\n\n\n<h2 class=\"wp-block-heading\"><strong>Passo a passo para o RH implementar um programa de capacita\u00e7\u00e3o eficiente<\/strong><\/h2>\n\n\n\n<p>Aqui est\u00e1 um roteiro realista e simples para iniciar:<\/p>\n\n\n\n<h3 class=\"wp-block-heading\"><strong>1. Identifique as necessidades de treinamento<\/strong><\/h3>\n\n\n\n<p>Converse com l\u00edderes, observe indicadores e liste os principais gaps.<\/p>\n\n\n\n<h3 class=\"wp-block-heading\"><strong>2. Escolha os tipos de conte\u00fados<\/strong><\/h3>\n\n\n\n<p>Voc\u00ea pode usar conte\u00fados prontos do <strong>Cat\u00e1logo da VG Educacional<\/strong>, especialmente soft skills \u2014 fundamentais em qualquer empresa.<\/p>\n\n\n\n<h3 class=\"wp-block-heading\"><strong>3. Organize tudo em um ambiente de aprendizagem (AVA)<\/strong><\/h3>\n\n\n\n<p>Com um AVA estruturado, voc\u00ea garante:<\/p>\n\n\n\n<ul>\n<li>Controle de acesso<br><\/li>\n\n\n\n<li>Hist\u00f3rico de progresso<br><\/li>\n\n\n\n<li>Certificados<br><\/li>\n\n\n\n<li>Relat\u00f3rios para tomada de decis\u00e3o<br><\/li>\n<\/ul>\n\n\n\n<p>A VG Educacional orienta como organizar esse ambiente da forma mais eficiente.<\/p>\n\n\n\n<h3 class=\"wp-block-heading\"><strong>4. Defina trilhas de aprendizagem<\/strong><\/h3>\n\n\n\n<p>Exemplos:<\/p>\n\n\n\n<ul>\n<li>Trilha de Lideran\u00e7a<br><\/li>\n\n\n\n<li>Trilha de Integra\u00e7\u00e3o<br><\/li>\n\n\n\n<li>Trilha de Produtividade<br><\/li>\n\n\n\n<li>Trilha de Soft Skills<br><\/li>\n<\/ul>\n\n\n\n<h3 class=\"wp-block-heading\"><strong>5. Engaje os colaboradores<\/strong><\/h3>\n\n\n\n<p>Com conte\u00fados modernos, interativos e curtos (como v\u00eddeos e HTML), o engajamento aumenta naturalmente.<\/p>\n\n\n\n<h3 class=\"wp-block-heading\"><strong>6. Acompanhe resultados<\/strong><\/h3>\n\n\n\n<p>Acompanhe:<\/p>\n\n\n\n<ul>\n<li>Conclus\u00f5es<br><\/li>\n\n\n\n<li>Participa\u00e7\u00e3o<br><\/li>\n\n\n\n<li>Progressos individuais<br><\/li>\n\n\n\n<li>\u00c1reas que precisam de refor\u00e7o<br><\/li>\n<\/ul>\n\n\n\n<p>Esse acompanhamento ajuda o RH a justificar investimento e mostrar evolu\u00e7\u00e3o.<\/p>\n\n\n\n<hr class=\"wp-block-separator has-alpha-channel-opacity\"\/>\n\n\n\n<h2 class=\"wp-block-heading\"><strong>Como a VG Educacional apoia o RH em todo esse processo<\/strong><\/h2>\n\n\n\n<p>A VG Educacional oferece <strong>todas as solu\u00e7\u00f5es necess\u00e1rias<\/strong> para que qualquer RH \u2014 mesmo come\u00e7ando do zero \u2014 implemente um programa eficiente, moderno e escal\u00e1vel.<\/p>\n\n\n\n<h3 class=\"wp-block-heading\"><strong>\ud83d\udccc Principais solu\u00e7\u00f5es:<\/strong><\/h3>\n\n\n\n<ul>\n<li><strong>Cat\u00e1logo de conte\u00fados prontos (foco em soft skills)<\/strong><strong><br><\/strong><\/li>\n\n\n\n<li>Produ\u00e7\u00e3o de v\u00eddeos profissionais<br><\/li>\n\n\n\n<li>Conte\u00fados interativos<br><\/li>\n\n\n\n<li>Conte\u00fados em HTML<br><\/li>\n\n\n\n<li>Personaliza\u00e7\u00e3o de treinamentos<br><\/li>\n\n\n\n<li>Apoio para estruturar trilhas internas<br><\/li>\n\n\n\n<li>Suporte na organiza\u00e7\u00e3o do AVA<br><\/li>\n<\/ul>\n\n\n\n<p>Tudo isso faz com que o RH consiga entregar treinamentos com agilidade, mantendo qualidade, padroniza\u00e7\u00e3o e alto engajamento.<\/p>\n\n\n\n<hr class=\"wp-block-separator has-alpha-channel-opacity\"\/>\n\n\n\n<h2 class=\"wp-block-heading\"><strong>Conclus\u00e3o: RH preparado transforma empresas<\/strong><\/h2>\n\n\n\n<p>O desenvolvimento de pessoas \u00e9 responsabilidade estrat\u00e9gica \u2014 e come\u00e7a no RH.<br>Com os recursos certos, treinamentos bem estruturados e o apoio de uma empresa especialista como a VG Educacional, qualquer organiza\u00e7\u00e3o pode criar um programa s\u00f3lido, cont\u00ednuo e de alto impacto.<\/p>\n\n\n\n<p>Seja para melhorar a produtividade, fortalecer a cultura, desenvolver l\u00edderes ou preparar colaboradores para novos desafios, a educa\u00e7\u00e3o corporativa \u00e9 o caminho mais r\u00e1pido e seguro.<\/p>\n","protected":false},"excerpt":{"rendered":"<p>A \u00e1rea de Recursos Humanos \u00e9, sem d\u00favida, o cora\u00e7\u00e3o da educa\u00e7\u00e3o corporativa dentro da empresa. \u00c9 no RH que surgem as necessidades, os diagn\u00f3sticos e as estrat\u00e9gias que fazem o desenvolvimento de pessoas acontecer. Mas, mesmo entendendo a import\u00e2ncia, muitos gestores de RH ainda enfrentam desafios como: \u00c9 exatamente nesse ponto que um programa &hellip; <\/p>\n<p class=\"link-more\"><a href=\"https:\/\/vgeducacional.com\/blog\/2025\/11\/21\/educacao-corporativa-para-rh-como-implementar-programa-de-capacitacao\/\" class=\"more-link\">Continue lendo<span class=\"screen-reader-text\"> &#8220;Guia de Educa\u00e7\u00e3o Corporativa para RH: como desenvolver equipes de forma pr\u00e1tica e eficiente&#8221;<\/span><\/a><\/p>\n","protected":false},"author":5,"featured_media":623,"comment_status":"open","ping_status":"open","sticky":false,"template":"","format":"standard","meta":[],"categories":[1],"tags":[],"yoast_head":"<!-- This site is optimized with the Yoast SEO plugin v20.3 - https:\/\/yoast.com\/wordpress\/plugins\/seo\/ -->\n<title>Guia de Educa\u00e7\u00e3o Corporativa para RH: como desenvolver equipes de forma pr\u00e1tica e eficiente -<\/title>\n<meta name=\"description\" content=\"Descubra como o RH pode estruturar um programa de educa\u00e7\u00e3o corporativa eficiente, com trilhas, conte\u00fados modernos e apoio da VG Educacional.\" \/>\n<meta name=\"robots\" content=\"index, follow, max-snippet:-1, max-image-preview:large, max-video-preview:-1\" \/>\n<link rel=\"canonical\" href=\"http:\/\/vgeducacional.com\/blog\/2025\/11\/21\/educacao-corporativa-para-rh-como-implementar-programa-de-capacitacao\/\" \/>\n<meta property=\"og:locale\" content=\"pt_BR\" \/>\n<meta property=\"og:type\" content=\"article\" \/>\n<meta property=\"og:title\" content=\"Guia de Educa\u00e7\u00e3o Corporativa para RH: como desenvolver equipes de forma pr\u00e1tica e eficiente -\" \/>\n<meta property=\"og:description\" content=\"Descubra como o RH pode estruturar um programa de educa\u00e7\u00e3o corporativa eficiente, com trilhas, conte\u00fados modernos e apoio da VG Educacional.\" \/>\n<meta property=\"og:url\" content=\"http:\/\/vgeducacional.com\/blog\/2025\/11\/21\/educacao-corporativa-para-rh-como-implementar-programa-de-capacitacao\/\" \/>\n<meta property=\"article:published_time\" content=\"2025-11-21T14:44:55+00:00\" \/>\n<meta property=\"article:modified_time\" content=\"2025-11-21T14:44:56+00:00\" \/>\n<meta property=\"og:image\" content=\"http:\/\/vgeducacional.com\/blog\/wp-content\/uploads\/2025\/11\/Banner-2-1024x576.png\" \/>\n\t<meta property=\"og:image:width\" content=\"1024\" \/>\n\t<meta property=\"og:image:height\" content=\"576\" \/>\n\t<meta property=\"og:image:type\" content=\"image\/png\" \/>\n<meta name=\"author\" content=\"Yaz Alshayeb\" \/>\n<meta name=\"twitter:card\" content=\"summary_large_image\" \/>\n<meta name=\"twitter:label1\" content=\"Escrito por\" \/>\n\t<meta name=\"twitter:data1\" content=\"Yaz Alshayeb\" \/>\n\t<meta name=\"twitter:label2\" content=\"Est. tempo de leitura\" \/>\n\t<meta name=\"twitter:data2\" content=\"4 minutos\" \/>\n<script type=\"application\/ld+json\" class=\"yoast-schema-graph\">{\"@context\":\"https:\/\/schema.org\",\"@graph\":[{\"@type\":\"WebPage\",\"@id\":\"http:\/\/vgeducacional.com\/blog\/2025\/11\/21\/educacao-corporativa-para-rh-como-implementar-programa-de-capacitacao\/\",\"url\":\"http:\/\/vgeducacional.com\/blog\/2025\/11\/21\/educacao-corporativa-para-rh-como-implementar-programa-de-capacitacao\/\",\"name\":\"Guia de Educa\u00e7\u00e3o Corporativa para RH: como desenvolver equipes de forma pr\u00e1tica e eficiente -\",\"isPartOf\":{\"@id\":\"http:\/\/vgeducacional.com\/blog\/#website\"},\"datePublished\":\"2025-11-21T14:44:55+00:00\",\"dateModified\":\"2025-11-21T14:44:56+00:00\",\"author\":{\"@id\":\"http:\/\/vgeducacional.com\/blog\/#\/schema\/person\/759763c81b1c4748af52999a777d8458\"},\"description\":\"Descubra como o RH pode estruturar um programa de educa\u00e7\u00e3o corporativa eficiente, com trilhas, conte\u00fados modernos e apoio da VG Educacional.\",\"breadcrumb\":{\"@id\":\"http:\/\/vgeducacional.com\/blog\/2025\/11\/21\/educacao-corporativa-para-rh-como-implementar-programa-de-capacitacao\/#breadcrumb\"},\"inLanguage\":\"pt-BR\",\"potentialAction\":[{\"@type\":\"ReadAction\",\"target\":[\"http:\/\/vgeducacional.com\/blog\/2025\/11\/21\/educacao-corporativa-para-rh-como-implementar-programa-de-capacitacao\/\"]}]},{\"@type\":\"BreadcrumbList\",\"@id\":\"http:\/\/vgeducacional.com\/blog\/2025\/11\/21\/educacao-corporativa-para-rh-como-implementar-programa-de-capacitacao\/#breadcrumb\",\"itemListElement\":[{\"@type\":\"ListItem\",\"position\":1,\"name\":\"In\u00edcio\",\"item\":\"http:\/\/vgeducacional.com\/blog\/\"},{\"@type\":\"ListItem\",\"position\":2,\"name\":\"Guia de Educa\u00e7\u00e3o Corporativa para RH: como desenvolver equipes de forma pr\u00e1tica e eficiente\"}]},{\"@type\":\"WebSite\",\"@id\":\"http:\/\/vgeducacional.com\/blog\/#website\",\"url\":\"http:\/\/vgeducacional.com\/blog\/\",\"name\":\"\",\"description\":\"VG Educacional\",\"potentialAction\":[{\"@type\":\"SearchAction\",\"target\":{\"@type\":\"EntryPoint\",\"urlTemplate\":\"http:\/\/vgeducacional.com\/blog\/?s={search_term_string}\"},\"query-input\":\"required name=search_term_string\"}],\"inLanguage\":\"pt-BR\"},{\"@type\":\"Person\",\"@id\":\"http:\/\/vgeducacional.com\/blog\/#\/schema\/person\/759763c81b1c4748af52999a777d8458\",\"name\":\"Yaz Alshayeb\",\"image\":{\"@type\":\"ImageObject\",\"inLanguage\":\"pt-BR\",\"@id\":\"http:\/\/vgeducacional.com\/blog\/#\/schema\/person\/image\/\",\"url\":\"https:\/\/secure.gravatar.com\/avatar\/9da9513fa0bb8438882b877ded467cab?s=96&d=mm&r=g\",\"contentUrl\":\"https:\/\/secure.gravatar.com\/avatar\/9da9513fa0bb8438882b877ded467cab?s=96&d=mm&r=g\",\"caption\":\"Yaz Alshayeb\"},\"url\":\"https:\/\/vgeducacional.com\/blog\/author\/yazan\/\"}]}<\/script>\n<!-- \/ Yoast SEO plugin. -->","yoast_head_json":{"title":"Guia de Educa\u00e7\u00e3o Corporativa para RH: como desenvolver equipes de forma pr\u00e1tica e eficiente -","description":"Descubra como o RH pode estruturar um programa de educa\u00e7\u00e3o corporativa eficiente, com trilhas, conte\u00fados modernos e apoio da VG Educacional.","robots":{"index":"index","follow":"follow","max-snippet":"max-snippet:-1","max-image-preview":"max-image-preview:large","max-video-preview":"max-video-preview:-1"},"canonical":"http:\/\/vgeducacional.com\/blog\/2025\/11\/21\/educacao-corporativa-para-rh-como-implementar-programa-de-capacitacao\/","og_locale":"pt_BR","og_type":"article","og_title":"Guia de Educa\u00e7\u00e3o Corporativa para RH: como desenvolver equipes de forma pr\u00e1tica e eficiente -","og_description":"Descubra como o RH pode estruturar um programa de educa\u00e7\u00e3o corporativa eficiente, com trilhas, conte\u00fados modernos e apoio da VG Educacional.","og_url":"http:\/\/vgeducacional.com\/blog\/2025\/11\/21\/educacao-corporativa-para-rh-como-implementar-programa-de-capacitacao\/","article_published_time":"2025-11-21T14:44:55+00:00","article_modified_time":"2025-11-21T14:44:56+00:00","og_image":[{"width":1024,"height":576,"url":"http:\/\/vgeducacional.com\/blog\/wp-content\/uploads\/2025\/11\/Banner-2-1024x576.png","type":"image\/png"}],"author":"Yaz Alshayeb","twitter_card":"summary_large_image","twitter_misc":{"Escrito por":"Yaz Alshayeb","Est. tempo de leitura":"4 minutos"},"schema":{"@context":"https:\/\/schema.org","@graph":[{"@type":"WebPage","@id":"http:\/\/vgeducacional.com\/blog\/2025\/11\/21\/educacao-corporativa-para-rh-como-implementar-programa-de-capacitacao\/","url":"http:\/\/vgeducacional.com\/blog\/2025\/11\/21\/educacao-corporativa-para-rh-como-implementar-programa-de-capacitacao\/","name":"Guia de Educa\u00e7\u00e3o Corporativa para RH: como desenvolver equipes de forma pr\u00e1tica e eficiente -","isPartOf":{"@id":"http:\/\/vgeducacional.com\/blog\/#website"},"datePublished":"2025-11-21T14:44:55+00:00","dateModified":"2025-11-21T14:44:56+00:00","author":{"@id":"http:\/\/vgeducacional.com\/blog\/#\/schema\/person\/759763c81b1c4748af52999a777d8458"},"description":"Descubra como o RH pode estruturar um programa de educa\u00e7\u00e3o corporativa eficiente, com trilhas, conte\u00fados modernos e apoio da VG Educacional.","breadcrumb":{"@id":"http:\/\/vgeducacional.com\/blog\/2025\/11\/21\/educacao-corporativa-para-rh-como-implementar-programa-de-capacitacao\/#breadcrumb"},"inLanguage":"pt-BR","potentialAction":[{"@type":"ReadAction","target":["http:\/\/vgeducacional.com\/blog\/2025\/11\/21\/educacao-corporativa-para-rh-como-implementar-programa-de-capacitacao\/"]}]},{"@type":"BreadcrumbList","@id":"http:\/\/vgeducacional.com\/blog\/2025\/11\/21\/educacao-corporativa-para-rh-como-implementar-programa-de-capacitacao\/#breadcrumb","itemListElement":[{"@type":"ListItem","position":1,"name":"In\u00edcio","item":"http:\/\/vgeducacional.com\/blog\/"},{"@type":"ListItem","position":2,"name":"Guia de Educa\u00e7\u00e3o Corporativa para RH: como desenvolver equipes de forma pr\u00e1tica e eficiente"}]},{"@type":"WebSite","@id":"http:\/\/vgeducacional.com\/blog\/#website","url":"http:\/\/vgeducacional.com\/blog\/","name":"","description":"VG Educacional","potentialAction":[{"@type":"SearchAction","target":{"@type":"EntryPoint","urlTemplate":"http:\/\/vgeducacional.com\/blog\/?s={search_term_string}"},"query-input":"required name=search_term_string"}],"inLanguage":"pt-BR"},{"@type":"Person","@id":"http:\/\/vgeducacional.com\/blog\/#\/schema\/person\/759763c81b1c4748af52999a777d8458","name":"Yaz Alshayeb","image":{"@type":"ImageObject","inLanguage":"pt-BR","@id":"http:\/\/vgeducacional.com\/blog\/#\/schema\/person\/image\/","url":"https:\/\/secure.gravatar.com\/avatar\/9da9513fa0bb8438882b877ded467cab?s=96&d=mm&r=g","contentUrl":"https:\/\/secure.gravatar.com\/avatar\/9da9513fa0bb8438882b877ded467cab?s=96&d=mm&r=g","caption":"Yaz Alshayeb"},"url":"https:\/\/vgeducacional.com\/blog\/author\/yazan\/"}]}},"_links":{"self":[{"href":"https:\/\/vgeducacional.com\/blog\/wp-json\/wp\/v2\/posts\/622"}],"collection":[{"href":"https:\/\/vgeducacional.com\/blog\/wp-json\/wp\/v2\/posts"}],"about":[{"href":"https:\/\/vgeducacional.com\/blog\/wp-json\/wp\/v2\/types\/post"}],"author":[{"embeddable":true,"href":"https:\/\/vgeducacional.com\/blog\/wp-json\/wp\/v2\/users\/5"}],"replies":[{"embeddable":true,"href":"https:\/\/vgeducacional.com\/blog\/wp-json\/wp\/v2\/comments?post=622"}],"version-history":[{"count":1,"href":"https:\/\/vgeducacional.com\/blog\/wp-json\/wp\/v2\/posts\/622\/revisions"}],"predecessor-version":[{"id":624,"href":"https:\/\/vgeducacional.com\/blog\/wp-json\/wp\/v2\/posts\/622\/revisions\/624"}],"wp:featuredmedia":[{"embeddable":true,"href":"https:\/\/vgeducacional.com\/blog\/wp-json\/wp\/v2\/media\/623"}],"wp:attachment":[{"href":"https:\/\/vgeducacional.com\/blog\/wp-json\/wp\/v2\/media?parent=622"}],"wp:term":[{"taxonomy":"category","embeddable":true,"href":"https:\/\/vgeducacional.com\/blog\/wp-json\/wp\/v2\/categories?post=622"},{"taxonomy":"post_tag","embeddable":true,"href":"https:\/\/vgeducacional.com\/blog\/wp-json\/wp\/v2\/tags?post=622"}],"curies":[{"name":"wp","href":"https:\/\/api.w.org\/{rel}","templated":true}]}}