{"id":602,"date":"2025-05-21T11:09:21","date_gmt":"2025-05-21T14:09:21","guid":{"rendered":"https:\/\/vgeducacional.com\/blog\/?p=602"},"modified":"2025-05-21T11:09:22","modified_gmt":"2025-05-21T14:09:22","slug":"novo-marco-regulatorio-ead","status":"publish","type":"post","link":"https:\/\/vgeducacional.com\/blog\/2025\/05\/21\/novo-marco-regulatorio-ead\/","title":{"rendered":"Novo Marco Regulat\u00f3rio do EAD: Como sua IES pode se preparar para se adaptar a nova legisla\u00e7\u00e3o? Como aproveitar as oportunidades?"},"content":{"rendered":"\n<p>Com a publica\u00e7\u00e3o do <strong>Decreto n\u00ba 12.456\/2025<\/strong>, o cen\u00e1rio da <strong>Educa\u00e7\u00e3o a Dist\u00e2ncia (EAD)<\/strong> no Brasil passa por uma reestrutura\u00e7\u00e3o significativa. As <strong>Institui\u00e7\u00f5es de Ensino Superior (IES)<\/strong> precisam se adequar \u00e0s novas exig\u00eancias legais e pedag\u00f3gicas, o que vai impactar na forma e modelo de seus cursos, bem como, alterar significativamente as avalia\u00e7\u00f5es do<strong> MEC<\/strong>.Al\u00e9m das mudan\u00e7as nas diretrizes, o <strong>Minist\u00e9rio da Educa\u00e7\u00e3o (MEC)<\/strong> j\u00e1 divulgou o <strong>novo calend\u00e1rio regulat\u00f3rio<\/strong>, com prazos definidos para <strong>credenciamento, recredenciamento e reconhecimento de cursos EAD<\/strong>. \u00c9 hora de se preparar.<\/p>\n\n\n\n<!--more-->\n\n\n\n<p><strong>A import\u00e2ncia do acerto preciso entre modelo, conte\u00fado e do material did\u00e1tico na avalia\u00e7\u00e3o do MEC<\/strong><\/p>\n\n\n\n<p>Agora \u00e9 vital para as IES terem um planejamento estrat\u00e9gico que contemple os devidos acertos da regula\u00e7\u00e3o, e adequem seu portif\u00f3lio as devidas modalidades.<\/p>\n\n\n\n<p>Diante deste cen\u00e1rio, aumenta a relev\u00e2ncia e rela\u00e7\u00e3o <strong>ao conte\u00fado educacional e o material did\u00e1tico<\/strong>. Entre os crit\u00e9rios analisados pelo MEC, avaliadores verificaram se os materiais est\u00e3o alinhados \u00e0s <strong>Diretrizes Curriculares Nacionais (DCNs)<\/strong> e ao <strong>Projeto Pedag\u00f3gico do Curso (PPC)<\/strong>, al\u00e9m de observarem a <strong>infraestrutura tecnol\u00f3gica e digital<\/strong> da IES sob a luz da nova legisla\u00e7\u00e3o.<\/p>\n\n\n\n<p>\u00c9 fundamental que as institui\u00e7\u00f5es apresentem conte\u00fados <strong>diversificados, atualizados e acess\u00edveis<\/strong>, que reflitam os princ\u00edpios do novo marco regulat\u00f3rio e ofere\u00e7am uma experi\u00eancia de aprendizagem de qualidade ao estudante.<\/p>\n\n\n\n<p><strong>O que muda com o novo calend\u00e1rio regulat\u00f3rio do MEC<\/strong><\/p>\n\n\n\n<p>O novo decreto intensifica o papel do MEC no acompanhamento da EAD. As visitas presenciais se tornam mais rigorosas, o que exige das IES um planejamento estrat\u00e9gico completo para garantir a conformidade com a legisla\u00e7\u00e3o atual.<\/p>\n\n\n\n<p>A <strong>n\u00e3o adequa\u00e7\u00e3o \u00e0s novas regras<\/strong> pode comprometer o processo de reconhecimento, e a pr\u00f3pria adequa\u00e7\u00e3o as novas modalidades de ensino.<\/p>\n\n\n\n<p><strong>Como a VG Educacional pode ajudar sua IES neste momento<\/strong><\/p>\n\n\n\n<p>A <strong>VG Educacional<\/strong> \u00e9 parceira estrat\u00e9gica de Institui\u00e7\u00f5es que buscam se adequar a legisla\u00e7\u00e3o vigente, seja para processos de <strong>credenciamento ou recredenciamento.<\/strong><\/p>\n\n\n\n<p>Nossa equipe e rede de parceiros ajudam sua IES a:<\/p>\n\n\n\n<ul>\n<li>Realizar um diagn\u00f3stico de conformidade com as novas exig\u00eancias;<\/li>\n\n\n\n<li>Estruturar o projeto pedag\u00f3gico e adaptar o curr\u00edculo;<\/li>\n\n\n\n<li>Elenca modelo, metodologia e conte\u00fados assertivos a sua necessidade;<\/li>\n\n\n\n<li>Preparar toda a documenta\u00e7\u00e3o e o material de apoio para as visitas do MEC;<\/li>\n\n\n\n<li>Acompanhar o processo regulat\u00f3rio at\u00e9 a aprova\u00e7\u00e3o final.<\/li>\n<\/ul>\n\n\n\n<p>Prof. Dr. Ariovaldo Folino Jr<br>Consultor Parceiro da VG Educacional<\/p>\n\n\n\n<p>Conhe\u00e7a os produtos da VG Educacional <a href=\"https:\/\/apresentacao-vg-educacional.webflow.io\/\">(Clique aqui)<\/a> e aproveite o nosso Kit Credenciamento EAD, uma solu\u00e7\u00e3o para apoiar sua institui\u00e7\u00e3o no processo de avalia\u00e7\u00e3o do MEC:<\/p>\n\n\n\n<ul>\n<li>Disponibiliza\u00e7\u00e3o tempor\u00e1ria de conte\u00fado para avalia\u00e7\u00e3o do MEC;<\/li>\n\n\n\n<li>Disciplinas completas e atualizadas, compat\u00edveis com as Diretrizes Curriculares Nacionais (DCNs) e o novo marco regulat\u00f3rio;<\/li>\n\n\n\n<li>Assist\u00eancia tecnol\u00f3gica para a integra\u00e7\u00e3o dos conte\u00fados com plataformas digitais;<\/li>\n\n\n\n<li>Acompanhamento cont\u00ednuo, referente ao conte\u00fado, no processo de avalia\u00e7\u00e3o do MEC, garantindo que sua institui\u00e7\u00e3o esteja totalmente alinhada \u00e0s exig\u00eancias;<\/li>\n\n\n\n<li>Valor do produto como cr\u00e9dito para aquisi\u00e7\u00f5es futuras na VG Educacional, oferecendo flexibilidade para novas necessidades<\/li>\n<\/ul>\n","protected":false},"excerpt":{"rendered":"<p>Com a publica\u00e7\u00e3o do Decreto n\u00ba 12.456\/2025, o cen\u00e1rio da Educa\u00e7\u00e3o a Dist\u00e2ncia (EAD) no Brasil passa por uma reestrutura\u00e7\u00e3o significativa. As Institui\u00e7\u00f5es de Ensino Superior (IES) precisam se adequar \u00e0s novas exig\u00eancias legais e pedag\u00f3gicas, o que vai impactar na forma e modelo de seus cursos, bem como, alterar significativamente as avalia\u00e7\u00f5es do MEC.Al\u00e9m &hellip; <\/p>\n<p class=\"link-more\"><a href=\"https:\/\/vgeducacional.com\/blog\/2025\/05\/21\/novo-marco-regulatorio-ead\/\" class=\"more-link\">Continue lendo<span class=\"screen-reader-text\"> &#8220;Novo Marco Regulat\u00f3rio do EAD: Como sua IES pode se preparar para se adaptar a nova legisla\u00e7\u00e3o? Como aproveitar as oportunidades?&#8221;<\/span><\/a><\/p>\n","protected":false},"author":5,"featured_media":603,"comment_status":"open","ping_status":"open","sticky":false,"template":"","format":"standard","meta":[],"categories":[24],"tags":[],"yoast_head":"<!-- This site is optimized with the Yoast SEO plugin v20.3 - https:\/\/yoast.com\/wordpress\/plugins\/seo\/ -->\n<title>Novo Marco Regulat\u00f3rio do EAD: Como sua IES pode se preparar para se adaptar a nova legisla\u00e7\u00e3o? Como aproveitar as oportunidades? -<\/title>\n<meta name=\"description\" content=\"Entenda as exig\u00eancias do novo marco do EAD e veja como preparar sua IES para o MEC com o apoio da VG Educacional.\" \/>\n<meta name=\"robots\" content=\"index, follow, max-snippet:-1, max-image-preview:large, max-video-preview:-1\" \/>\n<link rel=\"canonical\" href=\"https:\/\/vgeducacional.com\/blog\/2025\/05\/21\/novo-marco-regulatorio-ead\/\" \/>\n<meta property=\"og:locale\" content=\"pt_BR\" \/>\n<meta property=\"og:type\" content=\"article\" \/>\n<meta property=\"og:title\" content=\"Novo Marco Regulat\u00f3rio do EAD: Como sua IES pode se preparar para se adaptar a nova legisla\u00e7\u00e3o? Como aproveitar as oportunidades? -\" \/>\n<meta property=\"og:description\" content=\"Entenda as exig\u00eancias do novo marco do EAD e veja como preparar sua IES para o MEC com o apoio da VG Educacional.\" \/>\n<meta property=\"og:url\" content=\"https:\/\/vgeducacional.com\/blog\/2025\/05\/21\/novo-marco-regulatorio-ead\/\" \/>\n<meta property=\"article:published_time\" content=\"2025-05-21T14:09:21+00:00\" \/>\n<meta property=\"article:modified_time\" content=\"2025-05-21T14:09:22+00:00\" \/>\n<meta property=\"og:image\" content=\"https:\/\/vgeducacional.com\/blog\/wp-content\/uploads\/2025\/05\/banner-new-blog.png\" \/>\n\t<meta property=\"og:image:width\" content=\"1584\" \/>\n\t<meta property=\"og:image:height\" content=\"396\" \/>\n\t<meta property=\"og:image:type\" content=\"image\/png\" \/>\n<meta name=\"author\" content=\"Yaz Alshayeb\" \/>\n<meta name=\"twitter:card\" content=\"summary_large_image\" \/>\n<meta name=\"twitter:label1\" content=\"Escrito por\" \/>\n\t<meta name=\"twitter:data1\" content=\"Yaz Alshayeb\" \/>\n\t<meta name=\"twitter:label2\" content=\"Est. tempo de leitura\" \/>\n\t<meta name=\"twitter:data2\" content=\"3 minutos\" \/>\n<script type=\"application\/ld+json\" class=\"yoast-schema-graph\">{\"@context\":\"https:\/\/schema.org\",\"@graph\":[{\"@type\":\"WebPage\",\"@id\":\"https:\/\/vgeducacional.com\/blog\/2025\/05\/21\/novo-marco-regulatorio-ead\/\",\"url\":\"https:\/\/vgeducacional.com\/blog\/2025\/05\/21\/novo-marco-regulatorio-ead\/\",\"name\":\"Novo Marco Regulat\u00f3rio do EAD: Como sua IES pode se preparar para se adaptar a nova legisla\u00e7\u00e3o? Como aproveitar as oportunidades? -\",\"isPartOf\":{\"@id\":\"http:\/\/vgeducacional.com\/blog\/#website\"},\"datePublished\":\"2025-05-21T14:09:21+00:00\",\"dateModified\":\"2025-05-21T14:09:22+00:00\",\"author\":{\"@id\":\"http:\/\/vgeducacional.com\/blog\/#\/schema\/person\/759763c81b1c4748af52999a777d8458\"},\"description\":\"Entenda as exig\u00eancias do novo marco do EAD e veja como preparar sua IES para o MEC com o apoio da VG Educacional.\",\"breadcrumb\":{\"@id\":\"https:\/\/vgeducacional.com\/blog\/2025\/05\/21\/novo-marco-regulatorio-ead\/#breadcrumb\"},\"inLanguage\":\"pt-BR\",\"potentialAction\":[{\"@type\":\"ReadAction\",\"target\":[\"https:\/\/vgeducacional.com\/blog\/2025\/05\/21\/novo-marco-regulatorio-ead\/\"]}]},{\"@type\":\"BreadcrumbList\",\"@id\":\"https:\/\/vgeducacional.com\/blog\/2025\/05\/21\/novo-marco-regulatorio-ead\/#breadcrumb\",\"itemListElement\":[{\"@type\":\"ListItem\",\"position\":1,\"name\":\"In\u00edcio\",\"item\":\"http:\/\/vgeducacional.com\/blog\/\"},{\"@type\":\"ListItem\",\"position\":2,\"name\":\"Novo Marco Regulat\u00f3rio do EAD: Como sua IES pode se preparar para se adaptar a nova legisla\u00e7\u00e3o? Como aproveitar as oportunidades?\"}]},{\"@type\":\"WebSite\",\"@id\":\"http:\/\/vgeducacional.com\/blog\/#website\",\"url\":\"http:\/\/vgeducacional.com\/blog\/\",\"name\":\"\",\"description\":\"VG Educacional\",\"potentialAction\":[{\"@type\":\"SearchAction\",\"target\":{\"@type\":\"EntryPoint\",\"urlTemplate\":\"http:\/\/vgeducacional.com\/blog\/?s={search_term_string}\"},\"query-input\":\"required name=search_term_string\"}],\"inLanguage\":\"pt-BR\"},{\"@type\":\"Person\",\"@id\":\"http:\/\/vgeducacional.com\/blog\/#\/schema\/person\/759763c81b1c4748af52999a777d8458\",\"name\":\"Yaz Alshayeb\",\"image\":{\"@type\":\"ImageObject\",\"inLanguage\":\"pt-BR\",\"@id\":\"http:\/\/vgeducacional.com\/blog\/#\/schema\/person\/image\/\",\"url\":\"https:\/\/secure.gravatar.com\/avatar\/9da9513fa0bb8438882b877ded467cab?s=96&d=mm&r=g\",\"contentUrl\":\"https:\/\/secure.gravatar.com\/avatar\/9da9513fa0bb8438882b877ded467cab?s=96&d=mm&r=g\",\"caption\":\"Yaz Alshayeb\"},\"url\":\"https:\/\/vgeducacional.com\/blog\/author\/yazan\/\"}]}<\/script>\n<!-- \/ Yoast SEO plugin. -->","yoast_head_json":{"title":"Novo Marco Regulat\u00f3rio do EAD: Como sua IES pode se preparar para se adaptar a nova legisla\u00e7\u00e3o? Como aproveitar as oportunidades? -","description":"Entenda as exig\u00eancias do novo marco do EAD e veja como preparar sua IES para o MEC com o apoio da VG Educacional.","robots":{"index":"index","follow":"follow","max-snippet":"max-snippet:-1","max-image-preview":"max-image-preview:large","max-video-preview":"max-video-preview:-1"},"canonical":"https:\/\/vgeducacional.com\/blog\/2025\/05\/21\/novo-marco-regulatorio-ead\/","og_locale":"pt_BR","og_type":"article","og_title":"Novo Marco Regulat\u00f3rio do EAD: Como sua IES pode se preparar para se adaptar a nova legisla\u00e7\u00e3o? Como aproveitar as oportunidades? -","og_description":"Entenda as exig\u00eancias do novo marco do EAD e veja como preparar sua IES para o MEC com o apoio da VG Educacional.","og_url":"https:\/\/vgeducacional.com\/blog\/2025\/05\/21\/novo-marco-regulatorio-ead\/","article_published_time":"2025-05-21T14:09:21+00:00","article_modified_time":"2025-05-21T14:09:22+00:00","og_image":[{"width":1584,"height":396,"url":"https:\/\/vgeducacional.com\/blog\/wp-content\/uploads\/2025\/05\/banner-new-blog.png","type":"image\/png"}],"author":"Yaz Alshayeb","twitter_card":"summary_large_image","twitter_misc":{"Escrito por":"Yaz Alshayeb","Est. tempo de leitura":"3 minutos"},"schema":{"@context":"https:\/\/schema.org","@graph":[{"@type":"WebPage","@id":"https:\/\/vgeducacional.com\/blog\/2025\/05\/21\/novo-marco-regulatorio-ead\/","url":"https:\/\/vgeducacional.com\/blog\/2025\/05\/21\/novo-marco-regulatorio-ead\/","name":"Novo Marco Regulat\u00f3rio do EAD: Como sua IES pode se preparar para se adaptar a nova legisla\u00e7\u00e3o? Como aproveitar as oportunidades? -","isPartOf":{"@id":"http:\/\/vgeducacional.com\/blog\/#website"},"datePublished":"2025-05-21T14:09:21+00:00","dateModified":"2025-05-21T14:09:22+00:00","author":{"@id":"http:\/\/vgeducacional.com\/blog\/#\/schema\/person\/759763c81b1c4748af52999a777d8458"},"description":"Entenda as exig\u00eancias do novo marco do EAD e veja como preparar sua IES para o MEC com o apoio da VG Educacional.","breadcrumb":{"@id":"https:\/\/vgeducacional.com\/blog\/2025\/05\/21\/novo-marco-regulatorio-ead\/#breadcrumb"},"inLanguage":"pt-BR","potentialAction":[{"@type":"ReadAction","target":["https:\/\/vgeducacional.com\/blog\/2025\/05\/21\/novo-marco-regulatorio-ead\/"]}]},{"@type":"BreadcrumbList","@id":"https:\/\/vgeducacional.com\/blog\/2025\/05\/21\/novo-marco-regulatorio-ead\/#breadcrumb","itemListElement":[{"@type":"ListItem","position":1,"name":"In\u00edcio","item":"http:\/\/vgeducacional.com\/blog\/"},{"@type":"ListItem","position":2,"name":"Novo Marco Regulat\u00f3rio do EAD: Como sua IES pode se preparar para se adaptar a nova legisla\u00e7\u00e3o? Como aproveitar as oportunidades?"}]},{"@type":"WebSite","@id":"http:\/\/vgeducacional.com\/blog\/#website","url":"http:\/\/vgeducacional.com\/blog\/","name":"","description":"VG Educacional","potentialAction":[{"@type":"SearchAction","target":{"@type":"EntryPoint","urlTemplate":"http:\/\/vgeducacional.com\/blog\/?s={search_term_string}"},"query-input":"required name=search_term_string"}],"inLanguage":"pt-BR"},{"@type":"Person","@id":"http:\/\/vgeducacional.com\/blog\/#\/schema\/person\/759763c81b1c4748af52999a777d8458","name":"Yaz Alshayeb","image":{"@type":"ImageObject","inLanguage":"pt-BR","@id":"http:\/\/vgeducacional.com\/blog\/#\/schema\/person\/image\/","url":"https:\/\/secure.gravatar.com\/avatar\/9da9513fa0bb8438882b877ded467cab?s=96&d=mm&r=g","contentUrl":"https:\/\/secure.gravatar.com\/avatar\/9da9513fa0bb8438882b877ded467cab?s=96&d=mm&r=g","caption":"Yaz Alshayeb"},"url":"https:\/\/vgeducacional.com\/blog\/author\/yazan\/"}]}},"_links":{"self":[{"href":"https:\/\/vgeducacional.com\/blog\/wp-json\/wp\/v2\/posts\/602"}],"collection":[{"href":"https:\/\/vgeducacional.com\/blog\/wp-json\/wp\/v2\/posts"}],"about":[{"href":"https:\/\/vgeducacional.com\/blog\/wp-json\/wp\/v2\/types\/post"}],"author":[{"embeddable":true,"href":"https:\/\/vgeducacional.com\/blog\/wp-json\/wp\/v2\/users\/5"}],"replies":[{"embeddable":true,"href":"https:\/\/vgeducacional.com\/blog\/wp-json\/wp\/v2\/comments?post=602"}],"version-history":[{"count":1,"href":"https:\/\/vgeducacional.com\/blog\/wp-json\/wp\/v2\/posts\/602\/revisions"}],"predecessor-version":[{"id":604,"href":"https:\/\/vgeducacional.com\/blog\/wp-json\/wp\/v2\/posts\/602\/revisions\/604"}],"wp:featuredmedia":[{"embeddable":true,"href":"https:\/\/vgeducacional.com\/blog\/wp-json\/wp\/v2\/media\/603"}],"wp:attachment":[{"href":"https:\/\/vgeducacional.com\/blog\/wp-json\/wp\/v2\/media?parent=602"}],"wp:term":[{"taxonomy":"category","embeddable":true,"href":"https:\/\/vgeducacional.com\/blog\/wp-json\/wp\/v2\/categories?post=602"},{"taxonomy":"post_tag","embeddable":true,"href":"https:\/\/vgeducacional.com\/blog\/wp-json\/wp\/v2\/tags?post=602"}],"curies":[{"name":"wp","href":"https:\/\/api.w.org\/{rel}","templated":true}]}}