{"id":524,"date":"2023-09-29T17:02:00","date_gmt":"2023-09-29T20:02:00","guid":{"rendered":"http:\/\/vgeducacional.com\/blog\/?p=524"},"modified":"2023-11-03T10:47:02","modified_gmt":"2023-11-03T13:47:02","slug":"0010","status":"publish","type":"post","link":"https:\/\/vgeducacional.com\/blog\/2023\/09\/29\/0010\/","title":{"rendered":"Mais que conte\u00fado para EAD: conhe\u00e7a o caso do UniSant&#8217;Anna"},"content":{"rendered":"\n<p>O ensino a dist\u00e2ncia (EAD) \u00e9 cada vez mais presente no cen\u00e1rio educacional brasileiro. Institui\u00e7\u00f5es de ensino superior est\u00e3o investindo nessa modalidade, e para isso precisam de <a href=\"http:\/\/vgeducacional.com\/blog\/2023\/08\/02\/tecnologia-vg-para-ead-potencializando-o-aprendizado-online\/\">estrutura e tecnologia<\/a>. Uma dessas institui\u00e7\u00f5es \u00e9 o UniSant&#8217;Anna, que viu na contrata\u00e7\u00e3o do nosso conte\u00fado para EAD uma forma de suprir as demandas por <strong>qualidade<\/strong>, <strong>bom atendimento<\/strong> e <strong>boas oportunidades de neg\u00f3cio<\/strong>.<\/p>\n\n\n\n<!--more-->\n\n\n\n<p>Neste artigo, conversaremos com Sheila, a coordenadora geral do EAD do UniSant&#8217;Anna, para entender a evolu\u00e7\u00e3o desse processo, e as mudan\u00e7as que ocorreram ao longo dele.<\/p>\n\n\n\n<h2 class=\"wp-block-heading\"><strong>O In\u00edcio da Jornada no EAD<\/strong><\/h2>\n\n\n\n<p>Em 2018, quando Sheila ingressou na institui\u00e7\u00e3o, o UniSant&#8217;Anna estava passando por uma mudan\u00e7a de mantenedora. Isso trouxe uma oportunidade para <strong>reativar o EAD<\/strong>, assim como pensar em novas perspectivas para a oferta dessa modalidade.&nbsp;<\/p>\n\n\n\n<p>Sheila vinha de uma experi\u00eancia anterior em outra institui\u00e7\u00e3o, que foi adquirida pelo UniSant&#8217;Anna, e agora o desafio era grande: reiniciar o EAD, abrir novos cursos e iniciar turmas.<\/p>\n\n\n\n<p>Inicialmente, o UniSant&#8217;Anna fechou contrato com uma empresa fornecedora em 2019, oferecendo uma ampla variedade de cursos. Al\u00e9m disso, a institui\u00e7\u00e3o proporcionou bolsas para colaboradores, incentivando o crescimento do EAD em 2019.<\/p>\n\n\n\n<h2 class=\"wp-block-heading\"><strong>A Mudan\u00e7a para o Moodle<\/strong><\/h2>\n\n\n\n<p>Uma das mudan\u00e7as significativas ocorreu quando o UniSant&#8217;Anna decidiu mudar de plataforma, deixando o antigo AVA (Ambiente Virtual de Aprendizagem) para adotar o <a href=\"https:\/\/www.techtudo.com.br\/noticias\/2019\/10\/o-que-e-moodle-conheca-a-plataforma-de-ensino-a-distancia.ghtml\">Moodle<\/a>. Essa transi\u00e7\u00e3o aconteceu principalmente por v\u00e1rios fatores:<\/p>\n\n\n\n<ul>\n<li>O custo da plataforma anterior estava maior<\/li>\n\n\n\n<li>A plataforma era considerada r\u00edgida em termos de personaliza\u00e7\u00e3o<\/li>\n\n\n\n<li>O coordenador de TI do UniSant&#8217;Anna tinha experi\u00eancia com o Moodle<\/li>\n<\/ul>\n\n\n\n<p>A mudan\u00e7a de plataforma n\u00e3o foi a \u00fanica transforma\u00e7\u00e3o: o UniSant&#8217;Anna tamb\u00e9m alterou seu <strong>fornecedor de conte\u00fado para EAD<\/strong>, migrando para a VG Educacional.<\/p>\n\n\n\n<p>Essa mudan\u00e7a foi motivada principalmente pelo modelo de neg\u00f3cio da antiga fornecedora &#8211; que era tamb\u00e9m vinculada \u00e0 antiga plataforma. O contrato se baseava no n\u00famero de acessos anuais, independentemente da evas\u00e3o dos alunos, resultando em custos altos e inefici\u00eancia financeira.<\/p>\n\n\n\n<h2 class=\"wp-block-heading\"><strong>Escolhendo a VG<\/strong><\/h2>\n\n\n\n<p>Sheila compartilha que, ao buscar uma nova empresa fornecedora de <a href=\"http:\/\/vgeducacional.com\/blog\/2023\/05\/25\/producao-de-conteudo-para-ead-explorando-linguagem-recursos-audiovisuais-e-mais-com-a-professora-joana-meniconi\/\">conte\u00fado para EAD<\/a>, avaliou v\u00e1rias op\u00e7\u00f5es, incluindo cinco empresas al\u00e9m da VG.<\/p>\n\n\n\n<p>Uma das nossas solu\u00e7\u00f5es \u00e9 a \u00c1urea: s\u00e3o conte\u00fados j\u00e1 prontos, feitos com a <strong>melhor tecnologia<\/strong> de \u00e1udio, v\u00eddeo e edi\u00e7\u00e3o de materiais. Esses conte\u00fados ficam dispon\u00edveis em uma plataforma, onde voc\u00ea pode alugar e integrar diretamente ao AVA\/LMS, de onde o aluno acessa sem precisar fazer outro login.<\/p>\n\n\n\n<p>A qualidade de \u00e1udio e v\u00eddeo, tal como a robustez da solu\u00e7\u00e3o chamou a aten\u00e7\u00e3o de Sheila:<\/p>\n\n\n\n<p><em>\u201cHavia outra empresa que at\u00e9 fazia mais barato, mas me pareceu uma produ\u00e7\u00e3o meio\u2026 caseira\u201d.<\/em><\/p>\n\n\n\n<p>Por fim a \u00c1urea, nossa solu\u00e7\u00e3o em <strong>conte\u00fado pronto para EAD<\/strong>, se destacou por tr\u00eas motivos principais:<\/p>\n\n\n\n<p><strong>Modelo de Neg\u00f3cio: <\/strong>contrato de utiliza\u00e7\u00e3o de acessos mensais, trazendo flexibilidade e redu\u00e7\u00e3o dos custos relacionados \u00e0 evas\u00e3o dos alunos.<\/p>\n\n\n\n<p><strong>Qualidade do Conte\u00fado: <\/strong>rica variedade de objetos de aprendizagem, incluindo um banco de quest\u00f5es bem elaborado, que facilitou o trabalho dos professores e tutores.<\/p>\n\n\n\n<p><strong>Atendimento Personalizado: <\/strong>atendimento pr\u00f3ximo e \u00e1gil, o que foi uma grande diferen\u00e7a em rela\u00e7\u00e3o ao fornecedor anterior, que exigia a abertura de tickets para solucionar problemas.<\/p>\n\n\n\n<h2 class=\"wp-block-heading\"><strong>Impactos Positivos da Mudan\u00e7a<\/strong><\/h2>\n\n\n\n<p>A transi\u00e7\u00e3o do UniSant&#8217;Anna para a VG e o Moodle teve v\u00e1rios impactos positivos. Primeiramente, o modelo de neg\u00f3cio baseado em acessos mensais ajudou a reduzir custos e tornou o <strong>EAD mais eficiente<\/strong>. A qualidade do conte\u00fado para EAD melhorou, com a inclus\u00e3o de mais v\u00eddeoaulas, atendendo a uma demanda dos alunos.<\/p>\n\n\n\n<p>Al\u00e9m disso, a integra\u00e7\u00e3o com a plataforma Moodle foi mais simples, o que facilitou o trabalho da equipe de TI e de coordena\u00e7\u00e3o. A VG tamb\u00e9m ofereceu uma maior<strong> proximidade no atendimento<\/strong>, tornando a resolu\u00e7\u00e3o de problemas mais r\u00e1pida e personalizada.<\/p>\n\n\n\n<h2 class=\"wp-block-heading\"><strong>Curadoria de Conte\u00fado para EAD e Integra\u00e7\u00e3o<\/strong><\/h2>\n\n\n\n<p>O processo de curadoria de conte\u00fado, segundo Sheila, envolve os coordenadores de cursos, professores e tutores. Eles selecionam os conte\u00fados do cat\u00e1logo da VG, e os integram na plataforma Moodle para disponibilizar aos alunos. Essa integra\u00e7\u00e3o \u00e9 <strong>mais f\u00e1cil com a VG<\/strong>, em compara\u00e7\u00e3o com o fornecedor anterior.<\/p>\n\n\n\n<p><em>\u201cA VG \u00e9 muito mais f\u00e1cil na integra\u00e7\u00e3o, com certeza. \u00c9 muito mais f\u00e1cil. A gente sofria com essas quest\u00f5es. Eu at\u00e9 brinco com os meninos do TI que \u00e0s vezes quando estava muito puxado eu consigo ajudar eles e falar: \u2018hoje eu sou a estagi\u00e1ria de voc\u00eas\u2019.\u201d<\/em><\/p>\n\n\n\n<p>Atualmente, o UniSant&#8217;Anna mant\u00e9m <a href=\"http:\/\/vgeducacional.com\/blog\/2023\/04\/28\/produzir-comprar-ou-alugar-conteudo-para-o-seu-ead\/\">conte\u00fados pr\u00f3prios <\/a>apenas para o ensino presencial, e para suprir algumas disciplinas muito espec\u00edficas.<\/p>\n\n\n\n<h2 class=\"wp-block-heading\"><strong>VG em Compara\u00e7\u00e3o com Outros Fornecedores<\/strong><\/h2>\n\n\n\n<p>Sheila enfatiza que a experi\u00eancia com a VG, como fornecedor, tem sido <strong>extremamente positiva<\/strong>. Ela destaca a rapidez e a flexibilidade no atendimento da VG, bem como a facilidade de integra\u00e7\u00e3o com o Moodle.<\/p>\n\n\n\n<h2 class=\"wp-block-heading\"><strong>Conclus\u00e3o<\/strong><\/h2>\n\n\n\n<p>A jornada do UniSant&#8217;Anna no EAD \u00e9 um exemplo inspirador de <strong>adapta\u00e7\u00e3o e evolu\u00e7\u00e3o<\/strong>. A transi\u00e7\u00e3o para a VG e o Moodle trouxe benef\u00edcios significativos, tornando o EAD mais eficiente e eficaz.<\/p>\n\n\n\n<p>A hist\u00f3ria de Sheila e do UniSant&#8217;Anna nos mostra a import\u00e2ncia de<strong> escolher bons fornecedores<\/strong>, que atendam \u00e0s necessidades espec\u00edficas de uma institui\u00e7\u00e3o de ensino. A flexibilidade, a qualidade do conte\u00fado para EAD e o suporte personalizado s\u00e3o os pilares dessa experi\u00eancia de ensino a dist\u00e2ncia de sucesso.<\/p>\n\n\n\n<p>O UniSant&#8217;Anna continua a se adaptar e inovar, proporcionando aos alunos uma <a href=\"https:\/\/www.ufmg.br\/espacodoconhecimento\/educacao-de-qualidade\/\"><strong>educa\u00e7\u00e3o de alta qualidade<\/strong><\/a> por meio do EAD, e a parceria com a VG Educacional desempenha um papel fundamental nesse processo de transforma\u00e7\u00e3o.&nbsp;<\/p>\n\n\n\n<p>A educa\u00e7\u00e3o a dist\u00e2ncia no Brasil est\u00e1 em constante evolu\u00e7\u00e3o, e relatos como esse nos inspiram a continuar explorando novas possibilidades no ensino superior.<\/p>\n\n\n\n<p>Hoje, como voc\u00ea gera conte\u00fado para o seu EAD?<\/p>\n\n\n\n<p>Entre em contato com os nossos especialistas, e vamos te mostrar como podemos resolver o seu ensino \u00e0 dist\u00e2ncia!<\/p>\n","protected":false},"excerpt":{"rendered":"<p>O ensino a dist\u00e2ncia (EAD) \u00e9 cada vez mais presente no cen\u00e1rio educacional brasileiro. Institui\u00e7\u00f5es de ensino superior est\u00e3o investindo nessa modalidade, e para isso precisam de estrutura e tecnologia. Uma dessas institui\u00e7\u00f5es \u00e9 o UniSant&#8217;Anna, que viu na contrata\u00e7\u00e3o do nosso conte\u00fado para EAD uma forma de suprir as demandas por qualidade, bom atendimento &hellip; <\/p>\n<p class=\"link-more\"><a href=\"https:\/\/vgeducacional.com\/blog\/2023\/09\/29\/0010\/\" class=\"more-link\">Continue lendo<span class=\"screen-reader-text\"> &#8220;Mais que conte\u00fado para EAD: conhe\u00e7a o caso do UniSant&#8217;Anna&#8221;<\/span><\/a><\/p>\n","protected":false},"author":5,"featured_media":560,"comment_status":"open","ping_status":"open","sticky":false,"template":"","format":"standard","meta":[],"categories":[24],"tags":[],"yoast_head":"<!-- This site is optimized with the Yoast SEO plugin v20.3 - https:\/\/yoast.com\/wordpress\/plugins\/seo\/ -->\n<title>Mais que conte\u00fado para EAD: conhe\u00e7a o caso do UniSant&#039;Anna -<\/title>\n<meta name=\"description\" content=\"Bons fornecedores de conte\u00fado para EAD tem qualidade no conte\u00fado, mas n\u00e3o \u00e9 s\u00f3 isso! Descubra aqui.\" \/>\n<meta name=\"robots\" content=\"index, follow, max-snippet:-1, max-image-preview:large, max-video-preview:-1\" \/>\n<link rel=\"canonical\" href=\"https:\/\/vgeducacional.com\/blog\/2023\/09\/29\/0010\/\" \/>\n<meta property=\"og:locale\" content=\"pt_BR\" \/>\n<meta property=\"og:type\" content=\"article\" \/>\n<meta property=\"og:title\" content=\"Mais que conte\u00fado para EAD: conhe\u00e7a o caso do UniSant&#039;Anna -\" \/>\n<meta property=\"og:description\" content=\"Bons fornecedores de conte\u00fado para EAD tem qualidade no conte\u00fado, mas n\u00e3o \u00e9 s\u00f3 isso! Descubra aqui.\" \/>\n<meta property=\"og:url\" content=\"https:\/\/vgeducacional.com\/blog\/2023\/09\/29\/0010\/\" \/>\n<meta property=\"article:published_time\" content=\"2023-09-29T20:02:00+00:00\" \/>\n<meta property=\"article:modified_time\" content=\"2023-11-03T13:47:02+00:00\" \/>\n<meta property=\"og:image\" content=\"https:\/\/vgeducacional.com\/blog\/wp-content\/uploads\/2023\/06\/Banner-para-Linkedin-vg-01-01-01-.png\" \/>\n\t<meta property=\"og:image:width\" content=\"1584\" \/>\n\t<meta property=\"og:image:height\" content=\"396\" \/>\n\t<meta property=\"og:image:type\" content=\"image\/png\" \/>\n<meta name=\"author\" content=\"Yaz Alshayeb\" \/>\n<meta name=\"twitter:card\" content=\"summary_large_image\" \/>\n<meta name=\"twitter:label1\" content=\"Escrito por\" \/>\n\t<meta name=\"twitter:data1\" content=\"Yaz Alshayeb\" \/>\n\t<meta name=\"twitter:label2\" content=\"Est. tempo de leitura\" \/>\n\t<meta name=\"twitter:data2\" content=\"6 minutos\" \/>\n<script type=\"application\/ld+json\" class=\"yoast-schema-graph\">{\"@context\":\"https:\/\/schema.org\",\"@graph\":[{\"@type\":\"WebPage\",\"@id\":\"https:\/\/vgeducacional.com\/blog\/2023\/09\/29\/0010\/\",\"url\":\"https:\/\/vgeducacional.com\/blog\/2023\/09\/29\/0010\/\",\"name\":\"Mais que conte\u00fado para EAD: conhe\u00e7a o caso do UniSant'Anna -\",\"isPartOf\":{\"@id\":\"http:\/\/vgeducacional.com\/blog\/#website\"},\"datePublished\":\"2023-09-29T20:02:00+00:00\",\"dateModified\":\"2023-11-03T13:47:02+00:00\",\"author\":{\"@id\":\"http:\/\/vgeducacional.com\/blog\/#\/schema\/person\/759763c81b1c4748af52999a777d8458\"},\"description\":\"Bons fornecedores de conte\u00fado para EAD tem qualidade no conte\u00fado, mas n\u00e3o \u00e9 s\u00f3 isso! Descubra aqui.\",\"breadcrumb\":{\"@id\":\"https:\/\/vgeducacional.com\/blog\/2023\/09\/29\/0010\/#breadcrumb\"},\"inLanguage\":\"pt-BR\",\"potentialAction\":[{\"@type\":\"ReadAction\",\"target\":[\"https:\/\/vgeducacional.com\/blog\/2023\/09\/29\/0010\/\"]}]},{\"@type\":\"BreadcrumbList\",\"@id\":\"https:\/\/vgeducacional.com\/blog\/2023\/09\/29\/0010\/#breadcrumb\",\"itemListElement\":[{\"@type\":\"ListItem\",\"position\":1,\"name\":\"In\u00edcio\",\"item\":\"http:\/\/vgeducacional.com\/blog\/\"},{\"@type\":\"ListItem\",\"position\":2,\"name\":\"Mais que conte\u00fado para EAD: conhe\u00e7a o caso do UniSant&#8217;Anna\"}]},{\"@type\":\"WebSite\",\"@id\":\"http:\/\/vgeducacional.com\/blog\/#website\",\"url\":\"http:\/\/vgeducacional.com\/blog\/\",\"name\":\"\",\"description\":\"VG Educacional\",\"potentialAction\":[{\"@type\":\"SearchAction\",\"target\":{\"@type\":\"EntryPoint\",\"urlTemplate\":\"http:\/\/vgeducacional.com\/blog\/?s={search_term_string}\"},\"query-input\":\"required name=search_term_string\"}],\"inLanguage\":\"pt-BR\"},{\"@type\":\"Person\",\"@id\":\"http:\/\/vgeducacional.com\/blog\/#\/schema\/person\/759763c81b1c4748af52999a777d8458\",\"name\":\"Yaz Alshayeb\",\"image\":{\"@type\":\"ImageObject\",\"inLanguage\":\"pt-BR\",\"@id\":\"http:\/\/vgeducacional.com\/blog\/#\/schema\/person\/image\/\",\"url\":\"https:\/\/secure.gravatar.com\/avatar\/9da9513fa0bb8438882b877ded467cab?s=96&d=mm&r=g\",\"contentUrl\":\"https:\/\/secure.gravatar.com\/avatar\/9da9513fa0bb8438882b877ded467cab?s=96&d=mm&r=g\",\"caption\":\"Yaz Alshayeb\"},\"url\":\"https:\/\/vgeducacional.com\/blog\/author\/yazan\/\"}]}<\/script>\n<!-- \/ Yoast SEO plugin. -->","yoast_head_json":{"title":"Mais que conte\u00fado para EAD: conhe\u00e7a o caso do UniSant'Anna -","description":"Bons fornecedores de conte\u00fado para EAD tem qualidade no conte\u00fado, mas n\u00e3o \u00e9 s\u00f3 isso! Descubra aqui.","robots":{"index":"index","follow":"follow","max-snippet":"max-snippet:-1","max-image-preview":"max-image-preview:large","max-video-preview":"max-video-preview:-1"},"canonical":"https:\/\/vgeducacional.com\/blog\/2023\/09\/29\/0010\/","og_locale":"pt_BR","og_type":"article","og_title":"Mais que conte\u00fado para EAD: conhe\u00e7a o caso do UniSant'Anna -","og_description":"Bons fornecedores de conte\u00fado para EAD tem qualidade no conte\u00fado, mas n\u00e3o \u00e9 s\u00f3 isso! Descubra aqui.","og_url":"https:\/\/vgeducacional.com\/blog\/2023\/09\/29\/0010\/","article_published_time":"2023-09-29T20:02:00+00:00","article_modified_time":"2023-11-03T13:47:02+00:00","og_image":[{"width":1584,"height":396,"url":"https:\/\/vgeducacional.com\/blog\/wp-content\/uploads\/2023\/06\/Banner-para-Linkedin-vg-01-01-01-.png","type":"image\/png"}],"author":"Yaz Alshayeb","twitter_card":"summary_large_image","twitter_misc":{"Escrito por":"Yaz Alshayeb","Est. tempo de leitura":"6 minutos"},"schema":{"@context":"https:\/\/schema.org","@graph":[{"@type":"WebPage","@id":"https:\/\/vgeducacional.com\/blog\/2023\/09\/29\/0010\/","url":"https:\/\/vgeducacional.com\/blog\/2023\/09\/29\/0010\/","name":"Mais que conte\u00fado para EAD: conhe\u00e7a o caso do UniSant'Anna -","isPartOf":{"@id":"http:\/\/vgeducacional.com\/blog\/#website"},"datePublished":"2023-09-29T20:02:00+00:00","dateModified":"2023-11-03T13:47:02+00:00","author":{"@id":"http:\/\/vgeducacional.com\/blog\/#\/schema\/person\/759763c81b1c4748af52999a777d8458"},"description":"Bons fornecedores de conte\u00fado para EAD tem qualidade no conte\u00fado, mas n\u00e3o \u00e9 s\u00f3 isso! Descubra aqui.","breadcrumb":{"@id":"https:\/\/vgeducacional.com\/blog\/2023\/09\/29\/0010\/#breadcrumb"},"inLanguage":"pt-BR","potentialAction":[{"@type":"ReadAction","target":["https:\/\/vgeducacional.com\/blog\/2023\/09\/29\/0010\/"]}]},{"@type":"BreadcrumbList","@id":"https:\/\/vgeducacional.com\/blog\/2023\/09\/29\/0010\/#breadcrumb","itemListElement":[{"@type":"ListItem","position":1,"name":"In\u00edcio","item":"http:\/\/vgeducacional.com\/blog\/"},{"@type":"ListItem","position":2,"name":"Mais que conte\u00fado para EAD: conhe\u00e7a o caso do UniSant&#8217;Anna"}]},{"@type":"WebSite","@id":"http:\/\/vgeducacional.com\/blog\/#website","url":"http:\/\/vgeducacional.com\/blog\/","name":"","description":"VG Educacional","potentialAction":[{"@type":"SearchAction","target":{"@type":"EntryPoint","urlTemplate":"http:\/\/vgeducacional.com\/blog\/?s={search_term_string}"},"query-input":"required name=search_term_string"}],"inLanguage":"pt-BR"},{"@type":"Person","@id":"http:\/\/vgeducacional.com\/blog\/#\/schema\/person\/759763c81b1c4748af52999a777d8458","name":"Yaz Alshayeb","image":{"@type":"ImageObject","inLanguage":"pt-BR","@id":"http:\/\/vgeducacional.com\/blog\/#\/schema\/person\/image\/","url":"https:\/\/secure.gravatar.com\/avatar\/9da9513fa0bb8438882b877ded467cab?s=96&d=mm&r=g","contentUrl":"https:\/\/secure.gravatar.com\/avatar\/9da9513fa0bb8438882b877ded467cab?s=96&d=mm&r=g","caption":"Yaz Alshayeb"},"url":"https:\/\/vgeducacional.com\/blog\/author\/yazan\/"}]}},"_links":{"self":[{"href":"https:\/\/vgeducacional.com\/blog\/wp-json\/wp\/v2\/posts\/524"}],"collection":[{"href":"https:\/\/vgeducacional.com\/blog\/wp-json\/wp\/v2\/posts"}],"about":[{"href":"https:\/\/vgeducacional.com\/blog\/wp-json\/wp\/v2\/types\/post"}],"author":[{"embeddable":true,"href":"https:\/\/vgeducacional.com\/blog\/wp-json\/wp\/v2\/users\/5"}],"replies":[{"embeddable":true,"href":"https:\/\/vgeducacional.com\/blog\/wp-json\/wp\/v2\/comments?post=524"}],"version-history":[{"count":2,"href":"https:\/\/vgeducacional.com\/blog\/wp-json\/wp\/v2\/posts\/524\/revisions"}],"predecessor-version":[{"id":561,"href":"https:\/\/vgeducacional.com\/blog\/wp-json\/wp\/v2\/posts\/524\/revisions\/561"}],"wp:featuredmedia":[{"embeddable":true,"href":"https:\/\/vgeducacional.com\/blog\/wp-json\/wp\/v2\/media\/560"}],"wp:attachment":[{"href":"https:\/\/vgeducacional.com\/blog\/wp-json\/wp\/v2\/media?parent=524"}],"wp:term":[{"taxonomy":"category","embeddable":true,"href":"https:\/\/vgeducacional.com\/blog\/wp-json\/wp\/v2\/categories?post=524"},{"taxonomy":"post_tag","embeddable":true,"href":"https:\/\/vgeducacional.com\/blog\/wp-json\/wp\/v2\/tags?post=524"}],"curies":[{"name":"wp","href":"https:\/\/api.w.org\/{rel}","templated":true}]}}