{"id":217,"date":"2020-03-18T10:46:47","date_gmt":"2020-03-18T13:46:47","guid":{"rendered":"http:\/\/vgeducacional.com\/blog\/?p=217"},"modified":"2020-03-18T10:52:06","modified_gmt":"2020-03-18T13:52:06","slug":"quem-e-o-aluno-ead","status":"publish","type":"post","link":"https:\/\/vgeducacional.com\/blog\/2020\/03\/18\/quem-e-o-aluno-ead\/","title":{"rendered":"Quem \u00e9 o aluno EaD?"},"content":{"rendered":"<p>&nbsp;<\/p>\n<p style=\"text-align: justify;\"><span style=\"font-weight: 400;\">O aluno da educa\u00e7\u00e3o a dist\u00e2ncia tem um perfil bem amplo de idade e de interesses. Em sua maioria, s\u00e3o jovens que encontram na EaD a facilidade para estudarem quando n\u00e3o podem fazer a faculdade desejada de maneira presencial; outros, um pouco mais velhos, j\u00e1 est\u00e3o no mercado de trabalho e procuram se especializar, atualizar os conhecimentos na \u00e1rea ou, at\u00e9 mesmo, mudar de profiss\u00e3o, precisando, para isso, cursar a gradua\u00e7\u00e3o, os cursos ou a especializa\u00e7\u00e3o de uma forma mais pr\u00e1tica.<\/span><\/p>\n<p><!--more--><\/p>\n<p style=\"text-align: justify;\"><span style=\"font-weight: 400;\">A EaD tem aberto as portas para muitas pessoas, e isso \u00e9 ineg\u00e1vel. Para al\u00e9m de faixa et\u00e1ria ou perfil econ\u00f4mico, por\u00e9m, quais s\u00e3o as caracter\u00edsticas dessas pessoas? Quais s\u00e3o seus pontos fortes ao irem para o mercado de trabalho e como elas t\u00eam atuado?\u00a0<\/span><\/p>\n<p style=\"text-align: justify;\"><span style=\"font-weight: 400;\">De acordo com o Diretor de Opera\u00e7\u00f5es da VG Educacional, Diego Dias, essas pessoas possuem um perfil bem interessante.\u00a0<\/span><\/p>\n<p style=\"text-align: justify;\"><span style=\"font-weight: 400;\">Diego refor\u00e7a a ideia de que h\u00e1 uma diversidade nas pessoas que buscam a EaD e que aqui no Brasil j\u00e1 existem mais de 16 mil cursos a dist\u00e2ncia regulamentados, dos mais variados tipos e pre\u00e7os. O diretor lembra, por\u00e9m, que a evas\u00e3o ainda \u00e9 grande, pois s\u00f3 os mais comprometidos e organizados com prazos conseguem se dedicar mesmo estudando sem o contato de uma sala de aula presencial, bem como concluir um curso EaD.<\/span><\/p>\n<p style=\"text-align: justify;\"><span style=\"font-weight: 400;\">Outra caracter\u00edstica importante para um aluno EaD que vai pro mercado de trabalho \u00e9 que se faz necess\u00e1rio ser adepto ao uso de tecnologias. Diego destaca que caracter\u00edsticas desenvolvidas pelo aluno da educa\u00e7\u00e3o a dist\u00e2ncia s\u00e3o fatores de sucesso para que as empresas se interessem pelo perfil do poss\u00edvel funcion\u00e1rio. Empresas que contratam pessoas formadas em bons cursos a dist\u00e2ncia podem se beneficiar muito contando com essas qualidades profissionais.<\/span><!--more--><\/p>\n<p style=\"text-align: justify;\"><span style=\"font-weight: 400;\">Em suma, qualquer um de n\u00f3s pode ser um aluno EaD, desde que tenhamos algumas dessas caracter\u00edsticas destacadas e, principalmente, a vontade de aprender, que \u00e9 exatamente o que move os estudantes, independente da modalidade de ensino. Considerando o atual mercado de trabalho, s\u00f3 n\u00e3o \u00e9 poss\u00edvel parar de se especializar.\u00a0<\/span><\/p>\n<p style=\"text-align: justify;\">\n","protected":false},"excerpt":{"rendered":"<p>&nbsp; O aluno da educa\u00e7\u00e3o a dist\u00e2ncia tem um perfil bem amplo de idade e de interesses. Em sua maioria, s\u00e3o jovens que encontram na EaD a facilidade para estudarem quando n\u00e3o podem fazer a faculdade desejada de maneira presencial; outros, um pouco mais velhos, j\u00e1 est\u00e3o no mercado de trabalho e procuram se especializar, &hellip; <\/p>\n<p class=\"link-more\"><a href=\"https:\/\/vgeducacional.com\/blog\/2020\/03\/18\/quem-e-o-aluno-ead\/\" class=\"more-link\">Continue lendo<span class=\"screen-reader-text\"> &#8220;Quem \u00e9 o aluno EaD?&#8221;<\/span><\/a><\/p>\n","protected":false},"author":2,"featured_media":221,"comment_status":"open","ping_status":"open","sticky":false,"template":"","format":"standard","meta":[],"categories":[24],"tags":[33,35,34,36,37],"yoast_head":"<!-- This site is optimized with the Yoast SEO plugin v20.3 - https:\/\/yoast.com\/wordpress\/plugins\/seo\/ -->\n<title>Quem \u00e9 o aluno EaD? -<\/title>\n<meta name=\"robots\" content=\"index, follow, max-snippet:-1, max-image-preview:large, max-video-preview:-1\" \/>\n<link rel=\"canonical\" href=\"http:\/\/vgeducacional.com\/blog\/2020\/03\/18\/quem-e-o-aluno-ead\/\" \/>\n<meta property=\"og:locale\" content=\"pt_BR\" \/>\n<meta property=\"og:type\" content=\"article\" \/>\n<meta property=\"og:title\" content=\"Quem \u00e9 o aluno EaD? -\" \/>\n<meta property=\"og:description\" content=\"&nbsp; O aluno da educa\u00e7\u00e3o a dist\u00e2ncia tem um perfil bem amplo de idade e de interesses. Em sua maioria, s\u00e3o jovens que encontram na EaD a facilidade para estudarem quando n\u00e3o podem fazer a faculdade desejada de maneira presencial; outros, um pouco mais velhos, j\u00e1 est\u00e3o no mercado de trabalho e procuram se especializar, &hellip; Continue lendo &quot;Quem \u00e9 o aluno EaD?&quot;\" \/>\n<meta property=\"og:url\" content=\"http:\/\/vgeducacional.com\/blog\/2020\/03\/18\/quem-e-o-aluno-ead\/\" \/>\n<meta property=\"article:published_time\" content=\"2020-03-18T13:46:47+00:00\" \/>\n<meta property=\"article:modified_time\" content=\"2020-03-18T13:52:06+00:00\" \/>\n<meta property=\"og:image\" content=\"http:\/\/vgeducacional.com\/blog\/wp-content\/uploads\/2020\/03\/87482546_l-1024x683.jpg\" \/>\n\t<meta property=\"og:image:width\" content=\"1024\" \/>\n\t<meta property=\"og:image:height\" content=\"683\" \/>\n\t<meta property=\"og:image:type\" content=\"image\/jpeg\" \/>\n<meta name=\"author\" content=\"Clau Henrique\" \/>\n<meta name=\"twitter:card\" content=\"summary_large_image\" \/>\n<meta name=\"twitter:label1\" content=\"Escrito por\" \/>\n\t<meta name=\"twitter:data1\" content=\"Clau Henrique\" \/>\n\t<meta name=\"twitter:label2\" content=\"Est. tempo de leitura\" \/>\n\t<meta name=\"twitter:data2\" content=\"2 minutos\" \/>\n<script type=\"application\/ld+json\" class=\"yoast-schema-graph\">{\"@context\":\"https:\/\/schema.org\",\"@graph\":[{\"@type\":\"WebPage\",\"@id\":\"http:\/\/vgeducacional.com\/blog\/2020\/03\/18\/quem-e-o-aluno-ead\/\",\"url\":\"http:\/\/vgeducacional.com\/blog\/2020\/03\/18\/quem-e-o-aluno-ead\/\",\"name\":\"Quem \u00e9 o aluno EaD? -\",\"isPartOf\":{\"@id\":\"http:\/\/vgeducacional.com\/blog\/#website\"},\"datePublished\":\"2020-03-18T13:46:47+00:00\",\"dateModified\":\"2020-03-18T13:52:06+00:00\",\"author\":{\"@id\":\"http:\/\/vgeducacional.com\/blog\/#\/schema\/person\/a7c1cb41e115735407cac97a854ebb0e\"},\"breadcrumb\":{\"@id\":\"http:\/\/vgeducacional.com\/blog\/2020\/03\/18\/quem-e-o-aluno-ead\/#breadcrumb\"},\"inLanguage\":\"pt-BR\",\"potentialAction\":[{\"@type\":\"ReadAction\",\"target\":[\"http:\/\/vgeducacional.com\/blog\/2020\/03\/18\/quem-e-o-aluno-ead\/\"]}]},{\"@type\":\"BreadcrumbList\",\"@id\":\"http:\/\/vgeducacional.com\/blog\/2020\/03\/18\/quem-e-o-aluno-ead\/#breadcrumb\",\"itemListElement\":[{\"@type\":\"ListItem\",\"position\":1,\"name\":\"In\u00edcio\",\"item\":\"http:\/\/vgeducacional.com\/blog\/\"},{\"@type\":\"ListItem\",\"position\":2,\"name\":\"Quem \u00e9 o aluno EaD?\"}]},{\"@type\":\"WebSite\",\"@id\":\"http:\/\/vgeducacional.com\/blog\/#website\",\"url\":\"http:\/\/vgeducacional.com\/blog\/\",\"name\":\"\",\"description\":\"VG Educacional\",\"potentialAction\":[{\"@type\":\"SearchAction\",\"target\":{\"@type\":\"EntryPoint\",\"urlTemplate\":\"http:\/\/vgeducacional.com\/blog\/?s={search_term_string}\"},\"query-input\":\"required name=search_term_string\"}],\"inLanguage\":\"pt-BR\"},{\"@type\":\"Person\",\"@id\":\"http:\/\/vgeducacional.com\/blog\/#\/schema\/person\/a7c1cb41e115735407cac97a854ebb0e\",\"name\":\"Clau Henrique\",\"image\":{\"@type\":\"ImageObject\",\"inLanguage\":\"pt-BR\",\"@id\":\"http:\/\/vgeducacional.com\/blog\/#\/schema\/person\/image\/\",\"url\":\"https:\/\/secure.gravatar.com\/avatar\/a9ac12b2747ecb98694bd7f5fe153525?s=96&d=mm&r=g\",\"contentUrl\":\"https:\/\/secure.gravatar.com\/avatar\/a9ac12b2747ecb98694bd7f5fe153525?s=96&d=mm&r=g\",\"caption\":\"Clau Henrique\"},\"url\":\"https:\/\/vgeducacional.com\/blog\/author\/clau-henriquevgeducacional-com-br\/\"}]}<\/script>\n<!-- \/ Yoast SEO plugin. -->","yoast_head_json":{"title":"Quem \u00e9 o aluno EaD? -","robots":{"index":"index","follow":"follow","max-snippet":"max-snippet:-1","max-image-preview":"max-image-preview:large","max-video-preview":"max-video-preview:-1"},"canonical":"http:\/\/vgeducacional.com\/blog\/2020\/03\/18\/quem-e-o-aluno-ead\/","og_locale":"pt_BR","og_type":"article","og_title":"Quem \u00e9 o aluno EaD? -","og_description":"&nbsp; O aluno da educa\u00e7\u00e3o a dist\u00e2ncia tem um perfil bem amplo de idade e de interesses. Em sua maioria, s\u00e3o jovens que encontram na EaD a facilidade para estudarem quando n\u00e3o podem fazer a faculdade desejada de maneira presencial; outros, um pouco mais velhos, j\u00e1 est\u00e3o no mercado de trabalho e procuram se especializar, &hellip; Continue lendo \"Quem \u00e9 o aluno EaD?\"","og_url":"http:\/\/vgeducacional.com\/blog\/2020\/03\/18\/quem-e-o-aluno-ead\/","article_published_time":"2020-03-18T13:46:47+00:00","article_modified_time":"2020-03-18T13:52:06+00:00","og_image":[{"width":1024,"height":683,"url":"http:\/\/vgeducacional.com\/blog\/wp-content\/uploads\/2020\/03\/87482546_l-1024x683.jpg","type":"image\/jpeg"}],"author":"Clau Henrique","twitter_card":"summary_large_image","twitter_misc":{"Escrito por":"Clau Henrique","Est. tempo de leitura":"2 minutos"},"schema":{"@context":"https:\/\/schema.org","@graph":[{"@type":"WebPage","@id":"http:\/\/vgeducacional.com\/blog\/2020\/03\/18\/quem-e-o-aluno-ead\/","url":"http:\/\/vgeducacional.com\/blog\/2020\/03\/18\/quem-e-o-aluno-ead\/","name":"Quem \u00e9 o aluno EaD? -","isPartOf":{"@id":"http:\/\/vgeducacional.com\/blog\/#website"},"datePublished":"2020-03-18T13:46:47+00:00","dateModified":"2020-03-18T13:52:06+00:00","author":{"@id":"http:\/\/vgeducacional.com\/blog\/#\/schema\/person\/a7c1cb41e115735407cac97a854ebb0e"},"breadcrumb":{"@id":"http:\/\/vgeducacional.com\/blog\/2020\/03\/18\/quem-e-o-aluno-ead\/#breadcrumb"},"inLanguage":"pt-BR","potentialAction":[{"@type":"ReadAction","target":["http:\/\/vgeducacional.com\/blog\/2020\/03\/18\/quem-e-o-aluno-ead\/"]}]},{"@type":"BreadcrumbList","@id":"http:\/\/vgeducacional.com\/blog\/2020\/03\/18\/quem-e-o-aluno-ead\/#breadcrumb","itemListElement":[{"@type":"ListItem","position":1,"name":"In\u00edcio","item":"http:\/\/vgeducacional.com\/blog\/"},{"@type":"ListItem","position":2,"name":"Quem \u00e9 o aluno EaD?"}]},{"@type":"WebSite","@id":"http:\/\/vgeducacional.com\/blog\/#website","url":"http:\/\/vgeducacional.com\/blog\/","name":"","description":"VG Educacional","potentialAction":[{"@type":"SearchAction","target":{"@type":"EntryPoint","urlTemplate":"http:\/\/vgeducacional.com\/blog\/?s={search_term_string}"},"query-input":"required name=search_term_string"}],"inLanguage":"pt-BR"},{"@type":"Person","@id":"http:\/\/vgeducacional.com\/blog\/#\/schema\/person\/a7c1cb41e115735407cac97a854ebb0e","name":"Clau Henrique","image":{"@type":"ImageObject","inLanguage":"pt-BR","@id":"http:\/\/vgeducacional.com\/blog\/#\/schema\/person\/image\/","url":"https:\/\/secure.gravatar.com\/avatar\/a9ac12b2747ecb98694bd7f5fe153525?s=96&d=mm&r=g","contentUrl":"https:\/\/secure.gravatar.com\/avatar\/a9ac12b2747ecb98694bd7f5fe153525?s=96&d=mm&r=g","caption":"Clau Henrique"},"url":"https:\/\/vgeducacional.com\/blog\/author\/clau-henriquevgeducacional-com-br\/"}]}},"_links":{"self":[{"href":"https:\/\/vgeducacional.com\/blog\/wp-json\/wp\/v2\/posts\/217"}],"collection":[{"href":"https:\/\/vgeducacional.com\/blog\/wp-json\/wp\/v2\/posts"}],"about":[{"href":"https:\/\/vgeducacional.com\/blog\/wp-json\/wp\/v2\/types\/post"}],"author":[{"embeddable":true,"href":"https:\/\/vgeducacional.com\/blog\/wp-json\/wp\/v2\/users\/2"}],"replies":[{"embeddable":true,"href":"https:\/\/vgeducacional.com\/blog\/wp-json\/wp\/v2\/comments?post=217"}],"version-history":[{"count":3,"href":"https:\/\/vgeducacional.com\/blog\/wp-json\/wp\/v2\/posts\/217\/revisions"}],"predecessor-version":[{"id":224,"href":"https:\/\/vgeducacional.com\/blog\/wp-json\/wp\/v2\/posts\/217\/revisions\/224"}],"wp:featuredmedia":[{"embeddable":true,"href":"https:\/\/vgeducacional.com\/blog\/wp-json\/wp\/v2\/media\/221"}],"wp:attachment":[{"href":"https:\/\/vgeducacional.com\/blog\/wp-json\/wp\/v2\/media?parent=217"}],"wp:term":[{"taxonomy":"category","embeddable":true,"href":"https:\/\/vgeducacional.com\/blog\/wp-json\/wp\/v2\/categories?post=217"},{"taxonomy":"post_tag","embeddable":true,"href":"https:\/\/vgeducacional.com\/blog\/wp-json\/wp\/v2\/tags?post=217"}],"curies":[{"name":"wp","href":"https:\/\/api.w.org\/{rel}","templated":true}]}}