{"id":191,"date":"2020-02-11T16:15:05","date_gmt":"2020-02-11T19:15:05","guid":{"rendered":"http:\/\/vgeducacional.com\/blog\/?p=191"},"modified":"2020-03-18T10:11:01","modified_gmt":"2020-03-18T13:11:01","slug":"1-annual-meeting","status":"publish","type":"post","link":"https:\/\/vgeducacional.com\/blog\/2020\/02\/11\/1-annual-meeting\/","title":{"rendered":"1\u00ba Annual Meeting VG Educacional"},"content":{"rendered":"<p style=\"text-align: justify;\">Se 2019 j\u00e1 foi incr\u00edvel, de 2020 esperamos ainda mais! Foi com essa motiva\u00e7\u00e3o que, no dia 03 de fevereiro, a VG Educacional realizou seu 1\u00ba Annual Meeting.<!--more--><\/p>\n<p style=\"text-align: justify;\">O dia foi cheio de novidades. Os l\u00edderes de cada setor compartilharam com os mais de 100 colaboradores presentes os feitos das equipes e de que forma foi poss\u00edvel contribuir para o sucesso da VG em 2019.<\/p>\n<p style=\"text-align: justify;\">No ano que se passou, foram mais de 927 disciplinas entregues, mais de 320 mil p\u00e1ginas revisadas e cerca de 19.700 conte\u00fados gravados nos est\u00fadios da VG, totalizando quase 100 mil minutos.<\/p>\n<p style=\"text-align: justify;\">A VG Educacional surgiu em 2011 e, a cada ano, tem superado suas metas, gra\u00e7as ao comprometimento de todos que fazem parte dessa verdadeira f\u00e1brica de conte\u00fados. N\u00e3o \u00e9 s\u00f3 em quantidade que a empresa tem crescido, mas, tamb\u00e9m, na qualidade e variedade de conte\u00fados produzidos, visando sempre aos melhores resultados, com o comprometimento de entregar materiais educacionais did\u00e1ticos e corporativos que fa\u00e7am a diferen\u00e7a nas vidas dos estudantes e colaboradores.<\/p>\n<p style=\"text-align: justify;\"><img decoding=\"async\" loading=\"lazy\" class=\"alignleft wp-image-194 \" src=\"http:\/\/vgeducacional.com\/blog\/wp-content\/uploads\/2020\/02\/C0095T01-300x169.jpg\" alt=\"\" width=\"362\" height=\"204\" srcset=\"https:\/\/vgeducacional.com\/blog\/wp-content\/uploads\/2020\/02\/C0095T01-300x169.jpg 300w, https:\/\/vgeducacional.com\/blog\/wp-content\/uploads\/2020\/02\/C0095T01-768x432.jpg 768w, https:\/\/vgeducacional.com\/blog\/wp-content\/uploads\/2020\/02\/C0095T01-1024x576.jpg 1024w, https:\/\/vgeducacional.com\/blog\/wp-content\/uploads\/2020\/02\/C0095T01.jpg 1280w\" sizes=\"(max-width: 362px) 100vw, 362px\" \/>Para manter todos no ritmo excelente de desempenho, houve, ainda, uma conversa incr\u00edvel com Alexandre de Castro Carneiro, que deu dicas de como melhorar a comunica\u00e7\u00e3o entre colaboradores por meio de a\u00e7\u00f5es simples, como conhecer os perfis dos colegas de trabalho. Al\u00e9m disso, destacou-se, ainda, a import\u00e2ncia da ousadia e criatividade para que o crescimento seja ainda maior neste ano de 2020.<\/p>\n<p style=\"text-align: justify;\">Por fim, todos os presentes compartilharam, em grupos, suas sugest\u00f5es para o avan\u00e7o rumo ao objetivo em comum da VG Educacional: ser a melhor solu\u00e7\u00e3o educacional na era digital.<\/p>\n<p style=\"text-align: center;\"><img decoding=\"async\" loading=\"lazy\" class=\"alignnone size-large wp-image-195 alignleft\" src=\"http:\/\/vgeducacional.com\/blog\/wp-content\/uploads\/2020\/02\/DJI_0725-1-1024x472.jpg\" alt=\"\" width=\"525\" height=\"242\" srcset=\"https:\/\/vgeducacional.com\/blog\/wp-content\/uploads\/2020\/02\/DJI_0725-1-1024x472.jpg 1024w, https:\/\/vgeducacional.com\/blog\/wp-content\/uploads\/2020\/02\/DJI_0725-1-300x138.jpg 300w, https:\/\/vgeducacional.com\/blog\/wp-content\/uploads\/2020\/02\/DJI_0725-1-768x354.jpg 768w\" sizes=\"(max-width: 525px) 100vw, 525px\" \/><\/p>\n<p>&nbsp;<\/p>\n<p>&nbsp;<\/p>\n<p>Tradu\u00e7\u00e3o para <a href=\"https:\/\/vimeo.com\/390793376\">Ingl\u00eas<\/a> | <a href=\"https:\/\/vimeo.com\/390794563\" target=\"_blank\" rel=\"noopener\">Espanhol<\/a><\/p>\n<p><iframe loading=\"lazy\" src=\"https:\/\/player.vimeo.com\/video\/390789373?dnt=1&amp;app_id=122963\" width=\"525\" height=\"295\" frameborder=\"0\" allow=\"autoplay; fullscreen\" allowfullscreen title=\"1&amp;ordm; Annual Meeting VG educacional - PT\"><\/iframe><\/p>\n","protected":false},"excerpt":{"rendered":"<p>Se 2019 j\u00e1 foi incr\u00edvel, de 2020 esperamos ainda mais! Foi com essa motiva\u00e7\u00e3o que, no dia 03 de fevereiro, a VG Educacional realizou seu 1\u00ba Annual Meeting.<\/p>\n","protected":false},"author":2,"featured_media":207,"comment_status":"open","ping_status":"open","sticky":false,"template":"","format":"standard","meta":[],"categories":[2],"tags":[31,30,28,29],"yoast_head":"<!-- This site is optimized with the Yoast SEO plugin v20.3 - https:\/\/yoast.com\/wordpress\/plugins\/seo\/ -->\n<title>1\u00ba Annual Meeting VG Educacional -<\/title>\n<meta name=\"robots\" content=\"index, follow, max-snippet:-1, max-image-preview:large, max-video-preview:-1\" \/>\n<link rel=\"canonical\" href=\"http:\/\/vgeducacional.com\/blog\/2020\/02\/11\/1-annual-meeting\/\" \/>\n<meta property=\"og:locale\" content=\"pt_BR\" \/>\n<meta property=\"og:type\" content=\"article\" \/>\n<meta property=\"og:title\" content=\"1\u00ba Annual Meeting VG Educacional -\" \/>\n<meta property=\"og:description\" content=\"Se 2019 j\u00e1 foi incr\u00edvel, de 2020 esperamos ainda mais! Foi com essa motiva\u00e7\u00e3o que, no dia 03 de fevereiro, a VG Educacional realizou seu 1\u00ba Annual Meeting.\" \/>\n<meta property=\"og:url\" content=\"http:\/\/vgeducacional.com\/blog\/2020\/02\/11\/1-annual-meeting\/\" \/>\n<meta property=\"article:published_time\" content=\"2020-02-11T19:15:05+00:00\" \/>\n<meta property=\"article:modified_time\" content=\"2020-03-18T13:11:01+00:00\" \/>\n<meta property=\"og:image\" content=\"http:\/\/vgeducacional.com\/blog\/wp-content\/uploads\/2020\/02\/WhatsApp-Image-2020-02-10-at-2.54.50-PM-1.jpeg\" \/>\n\t<meta property=\"og:image:width\" content=\"1280\" \/>\n\t<meta property=\"og:image:height\" content=\"781\" \/>\n\t<meta property=\"og:image:type\" content=\"image\/jpeg\" \/>\n<meta name=\"author\" content=\"Clau Henrique\" \/>\n<meta name=\"twitter:card\" content=\"summary_large_image\" \/>\n<meta name=\"twitter:label1\" content=\"Escrito por\" \/>\n\t<meta name=\"twitter:data1\" content=\"Clau Henrique\" \/>\n\t<meta name=\"twitter:label2\" content=\"Est. tempo de leitura\" \/>\n\t<meta name=\"twitter:data2\" content=\"1 minuto\" \/>\n<script type=\"application\/ld+json\" class=\"yoast-schema-graph\">{\"@context\":\"https:\/\/schema.org\",\"@graph\":[{\"@type\":\"WebPage\",\"@id\":\"http:\/\/vgeducacional.com\/blog\/2020\/02\/11\/1-annual-meeting\/\",\"url\":\"http:\/\/vgeducacional.com\/blog\/2020\/02\/11\/1-annual-meeting\/\",\"name\":\"1\u00ba Annual Meeting VG Educacional -\",\"isPartOf\":{\"@id\":\"http:\/\/vgeducacional.com\/blog\/#website\"},\"datePublished\":\"2020-02-11T19:15:05+00:00\",\"dateModified\":\"2020-03-18T13:11:01+00:00\",\"author\":{\"@id\":\"http:\/\/vgeducacional.com\/blog\/#\/schema\/person\/a7c1cb41e115735407cac97a854ebb0e\"},\"breadcrumb\":{\"@id\":\"http:\/\/vgeducacional.com\/blog\/2020\/02\/11\/1-annual-meeting\/#breadcrumb\"},\"inLanguage\":\"pt-BR\",\"potentialAction\":[{\"@type\":\"ReadAction\",\"target\":[\"http:\/\/vgeducacional.com\/blog\/2020\/02\/11\/1-annual-meeting\/\"]}]},{\"@type\":\"BreadcrumbList\",\"@id\":\"http:\/\/vgeducacional.com\/blog\/2020\/02\/11\/1-annual-meeting\/#breadcrumb\",\"itemListElement\":[{\"@type\":\"ListItem\",\"position\":1,\"name\":\"In\u00edcio\",\"item\":\"http:\/\/vgeducacional.com\/blog\/\"},{\"@type\":\"ListItem\",\"position\":2,\"name\":\"1\u00ba Annual Meeting VG Educacional\"}]},{\"@type\":\"WebSite\",\"@id\":\"http:\/\/vgeducacional.com\/blog\/#website\",\"url\":\"http:\/\/vgeducacional.com\/blog\/\",\"name\":\"\",\"description\":\"VG Educacional\",\"potentialAction\":[{\"@type\":\"SearchAction\",\"target\":{\"@type\":\"EntryPoint\",\"urlTemplate\":\"http:\/\/vgeducacional.com\/blog\/?s={search_term_string}\"},\"query-input\":\"required name=search_term_string\"}],\"inLanguage\":\"pt-BR\"},{\"@type\":\"Person\",\"@id\":\"http:\/\/vgeducacional.com\/blog\/#\/schema\/person\/a7c1cb41e115735407cac97a854ebb0e\",\"name\":\"Clau Henrique\",\"image\":{\"@type\":\"ImageObject\",\"inLanguage\":\"pt-BR\",\"@id\":\"http:\/\/vgeducacional.com\/blog\/#\/schema\/person\/image\/\",\"url\":\"https:\/\/secure.gravatar.com\/avatar\/a9ac12b2747ecb98694bd7f5fe153525?s=96&d=mm&r=g\",\"contentUrl\":\"https:\/\/secure.gravatar.com\/avatar\/a9ac12b2747ecb98694bd7f5fe153525?s=96&d=mm&r=g\",\"caption\":\"Clau Henrique\"},\"url\":\"https:\/\/vgeducacional.com\/blog\/author\/clau-henriquevgeducacional-com-br\/\"}]}<\/script>\n<!-- \/ Yoast SEO plugin. -->","yoast_head_json":{"title":"1\u00ba Annual Meeting VG Educacional -","robots":{"index":"index","follow":"follow","max-snippet":"max-snippet:-1","max-image-preview":"max-image-preview:large","max-video-preview":"max-video-preview:-1"},"canonical":"http:\/\/vgeducacional.com\/blog\/2020\/02\/11\/1-annual-meeting\/","og_locale":"pt_BR","og_type":"article","og_title":"1\u00ba Annual Meeting VG Educacional -","og_description":"Se 2019 j\u00e1 foi incr\u00edvel, de 2020 esperamos ainda mais! Foi com essa motiva\u00e7\u00e3o que, no dia 03 de fevereiro, a VG Educacional realizou seu 1\u00ba Annual Meeting.","og_url":"http:\/\/vgeducacional.com\/blog\/2020\/02\/11\/1-annual-meeting\/","article_published_time":"2020-02-11T19:15:05+00:00","article_modified_time":"2020-03-18T13:11:01+00:00","og_image":[{"width":1280,"height":781,"url":"http:\/\/vgeducacional.com\/blog\/wp-content\/uploads\/2020\/02\/WhatsApp-Image-2020-02-10-at-2.54.50-PM-1.jpeg","type":"image\/jpeg"}],"author":"Clau Henrique","twitter_card":"summary_large_image","twitter_misc":{"Escrito por":"Clau Henrique","Est. tempo de leitura":"1 minuto"},"schema":{"@context":"https:\/\/schema.org","@graph":[{"@type":"WebPage","@id":"http:\/\/vgeducacional.com\/blog\/2020\/02\/11\/1-annual-meeting\/","url":"http:\/\/vgeducacional.com\/blog\/2020\/02\/11\/1-annual-meeting\/","name":"1\u00ba Annual Meeting VG Educacional -","isPartOf":{"@id":"http:\/\/vgeducacional.com\/blog\/#website"},"datePublished":"2020-02-11T19:15:05+00:00","dateModified":"2020-03-18T13:11:01+00:00","author":{"@id":"http:\/\/vgeducacional.com\/blog\/#\/schema\/person\/a7c1cb41e115735407cac97a854ebb0e"},"breadcrumb":{"@id":"http:\/\/vgeducacional.com\/blog\/2020\/02\/11\/1-annual-meeting\/#breadcrumb"},"inLanguage":"pt-BR","potentialAction":[{"@type":"ReadAction","target":["http:\/\/vgeducacional.com\/blog\/2020\/02\/11\/1-annual-meeting\/"]}]},{"@type":"BreadcrumbList","@id":"http:\/\/vgeducacional.com\/blog\/2020\/02\/11\/1-annual-meeting\/#breadcrumb","itemListElement":[{"@type":"ListItem","position":1,"name":"In\u00edcio","item":"http:\/\/vgeducacional.com\/blog\/"},{"@type":"ListItem","position":2,"name":"1\u00ba Annual Meeting VG Educacional"}]},{"@type":"WebSite","@id":"http:\/\/vgeducacional.com\/blog\/#website","url":"http:\/\/vgeducacional.com\/blog\/","name":"","description":"VG Educacional","potentialAction":[{"@type":"SearchAction","target":{"@type":"EntryPoint","urlTemplate":"http:\/\/vgeducacional.com\/blog\/?s={search_term_string}"},"query-input":"required name=search_term_string"}],"inLanguage":"pt-BR"},{"@type":"Person","@id":"http:\/\/vgeducacional.com\/blog\/#\/schema\/person\/a7c1cb41e115735407cac97a854ebb0e","name":"Clau Henrique","image":{"@type":"ImageObject","inLanguage":"pt-BR","@id":"http:\/\/vgeducacional.com\/blog\/#\/schema\/person\/image\/","url":"https:\/\/secure.gravatar.com\/avatar\/a9ac12b2747ecb98694bd7f5fe153525?s=96&d=mm&r=g","contentUrl":"https:\/\/secure.gravatar.com\/avatar\/a9ac12b2747ecb98694bd7f5fe153525?s=96&d=mm&r=g","caption":"Clau Henrique"},"url":"https:\/\/vgeducacional.com\/blog\/author\/clau-henriquevgeducacional-com-br\/"}]}},"_links":{"self":[{"href":"https:\/\/vgeducacional.com\/blog\/wp-json\/wp\/v2\/posts\/191"}],"collection":[{"href":"https:\/\/vgeducacional.com\/blog\/wp-json\/wp\/v2\/posts"}],"about":[{"href":"https:\/\/vgeducacional.com\/blog\/wp-json\/wp\/v2\/types\/post"}],"author":[{"embeddable":true,"href":"https:\/\/vgeducacional.com\/blog\/wp-json\/wp\/v2\/users\/2"}],"replies":[{"embeddable":true,"href":"https:\/\/vgeducacional.com\/blog\/wp-json\/wp\/v2\/comments?post=191"}],"version-history":[{"count":9,"href":"https:\/\/vgeducacional.com\/blog\/wp-json\/wp\/v2\/posts\/191\/revisions"}],"predecessor-version":[{"id":214,"href":"https:\/\/vgeducacional.com\/blog\/wp-json\/wp\/v2\/posts\/191\/revisions\/214"}],"wp:featuredmedia":[{"embeddable":true,"href":"https:\/\/vgeducacional.com\/blog\/wp-json\/wp\/v2\/media\/207"}],"wp:attachment":[{"href":"https:\/\/vgeducacional.com\/blog\/wp-json\/wp\/v2\/media?parent=191"}],"wp:term":[{"taxonomy":"category","embeddable":true,"href":"https:\/\/vgeducacional.com\/blog\/wp-json\/wp\/v2\/categories?post=191"},{"taxonomy":"post_tag","embeddable":true,"href":"https:\/\/vgeducacional.com\/blog\/wp-json\/wp\/v2\/tags?post=191"}],"curies":[{"name":"wp","href":"https:\/\/api.w.org\/{rel}","templated":true}]}}